{"id":94168,"date":"2021-05-24T11:02:38","date_gmt":"2021-05-24T14:02:38","guid":{"rendered":"https:\/\/portalv1.com.br\/?p=94168"},"modified":"2021-05-24T11:02:38","modified_gmt":"2021-05-24T14:02:38","slug":"justica-eleitoral-em-valenca-do-piaui-18a-e-89a-mudam-de-endereco","status":"publish","type":"post","link":"https:\/\/portalv1.com.br\/justica-eleitoral-em-valenca-do-piaui-18a-e-89a-mudam-de-endereco\/","title":{"rendered":"Justi\u00e7a Eleitoral em Valen\u00e7a do Piaui (18\u00aa e 89\u00aa) mudam de endere\u00e7o"},"content":{"rendered":"<figure id=\"attachment_94169\" aria-describedby=\"caption-attachment-94169\" style=\"width: 600px\" class=\"wp-caption aligncenter\"><a href=\"https:\/\/portalv1.com.br\/app\/wp-content\/uploads\/2021\/05\/WhatsApp-Image-2021-05-24-at-10.50.04.jpeg\"><img loading=\"lazy\" decoding=\"async\" class=\"size-large wp-image-94169\" src=\"https:\/\/portalv1.com.br\/app\/wp-content\/uploads\/2021\/05\/WhatsApp-Image-2021-05-24-at-10.50.04-640x480.jpeg\" alt=\"\" width=\"600\" height=\"450\" srcset=\"https:\/\/portalv1.com.br\/app\/wp-content\/uploads\/2021\/05\/WhatsApp-Image-2021-05-24-at-10.50.04-640x480.jpeg 640w, https:\/\/portalv1.com.br\/app\/wp-content\/uploads\/2021\/05\/WhatsApp-Image-2021-05-24-at-10.50.04-300x225.jpeg 300w, https:\/\/portalv1.com.br\/app\/wp-content\/uploads\/2021\/05\/WhatsApp-Image-2021-05-24-at-10.50.04-768x576.jpeg 768w, https:\/\/portalv1.com.br\/app\/wp-content\/uploads\/2021\/05\/WhatsApp-Image-2021-05-24-at-10.50.04.jpeg 1024w\" sizes=\"auto, (max-width: 600px) 100vw, 600px\" \/><\/a><figcaption id=\"caption-attachment-94169\" class=\"wp-caption-text\">JUSTI\u00c7A ELEITORAL<\/figcaption><\/figure>\n<p>A 18\u00aa Zona Eleitoral e a 89\u00aa Zona Eleitoral com sede em Valen\u00e7a est\u00e3o em novo endere\u00e7o para melhor atender a popula\u00e7\u00e3o. O novo pr\u00e9dio que fica na Avenida Joaquim Manoel 251, pr\u00f3ximo a Construf\u00e9 \u00e9 maior e mais confort\u00e1vel para o p\u00fablico e servidores da Justi\u00e7a Eleitoral.<\/p>\n<p>A mudan\u00e7a de endere\u00e7o vem acompanhada do ingresso de novas cidades nas zonas eleitorais. Nas pr\u00f3ximas elei\u00e7\u00f5es eleitores de Pimenteiras e Aroazes se juntar\u00e3o aos de Novo Oriente, Lagoa do Sitio que j\u00e1 resolviam suas quest\u00f5es eleitorais em Valen\u00e7a.<\/p>\n<p>O rezoneamento eleitoral no Estado do Piau\u00ed que vem acontecendo desde 2017 por interm\u00e9dio da Resolu\u00e7\u00f5es 23.422\/2014 e 23.512\/2017 extinguiu e remanejou zonas eleitorais que atingiram essas cidades.<\/p>\n<p>Com isso, a composi\u00e7\u00e3o ficou assim definida. A 18\u00aa Zona Eleitoral \u00e9 composta pelas cidades de Valen\u00e7a e Novo Oriente e a 89\u00aa Zona Eleitoral abriga as cidades de Pimenteiras, Lagoa do Sitio e Aroazes. Nessa semana devido a mudan\u00e7a n\u00e3o haver\u00e1 atendimento ao p\u00fablico.<\/p>\n","protected":false},"excerpt":{"rendered":"<p>A 18\u00aa Zona Eleitoral e a 89\u00aa Zona Eleitoral com sede em Valen\u00e7a est\u00e3o em novo endere\u00e7o para melhor atender a popula\u00e7\u00e3o. O novo pr\u00e9dio que fica na Avenida Joaquim&#8230;<\/p>\n","protected":false},"author":1,"featured_media":94169,"comment_status":"open","ping_status":"open","sticky":false,"template":"","format":"standard","meta":{"ngg_post_thumbnail":0,"footnotes":""},"categories":[243],"tags":[],"class_list":["post-94168","post","type-post","status-publish","format-standard","has-post-thumbnail","hentry","category-geral"],"views":821,"meta_data":{"thumb":"https:\/\/portalv1.com.br\/app\/wp-content\/uploads\/2021\/05\/WhatsApp-Image-2021-05-24-at-10.50.04.jpeg","imagem":{"fullsize":{"url":"https:\/\/portalv1.com.br\/app\/wp-content\/uploads\/2021\/05\/WhatsApp-Image-2021-05-24-at-10.50.04.jpeg","width":1024,"height":768},"medium":{"url":"https:\/\/portalv1.com.br\/app\/wp-content\/uploads\/2021\/05\/WhatsApp-Image-2021-05-24-at-10.50.04-300x225.jpeg","width":300,"height":225},"large":{"url":"https:\/\/portalv1.com.br\/app\/wp-content\/uploads\/2021\/05\/WhatsApp-Image-2021-05-24-at-10.50.04-640x480.jpeg","width":640,"height":480},"thumbnail":{"url":"https:\/\/portalv1.com.br\/app\/wp-content\/uploads\/2021\/05\/WhatsApp-Image-2021-05-24-at-10.50.04-100x100.jpeg","width":100,"height":100},"medium_large":{"url":"https:\/\/portalv1.com.br\/app\/wp-content\/uploads\/2021\/05\/WhatsApp-Image-2021-05-24-at-10.50.04-768x576.jpeg","width":768,"height":576}},"data":{"simple":"24\/05\/2021","date_time":"24\/05\/2021 08:02:38","date":"h\u00e1 5 anos"},"chapeu":"Veja detalhes ","source":"slide"},"_links":{"self":[{"href":"https:\/\/portalv1.com.br\/api\/wp\/v2\/posts\/94168","targetHints":{"allow":["GET"]}}],"collection":[{"href":"https:\/\/portalv1.com.br\/api\/wp\/v2\/posts"}],"about":[{"href":"https:\/\/portalv1.com.br\/api\/wp\/v2\/types\/post"}],"author":[{"embeddable":true,"href":"https:\/\/portalv1.com.br\/api\/wp\/v2\/users\/1"}],"replies":[{"embeddable":true,"href":"https:\/\/portalv1.com.br\/api\/wp\/v2\/comments?post=94168"}],"version-history":[{"count":0,"href":"https:\/\/portalv1.com.br\/api\/wp\/v2\/posts\/94168\/revisions"}],"wp:featuredmedia":[{"embeddable":true,"href":"https:\/\/portalv1.com.br\/api\/wp\/v2\/media\/94169"}],"wp:attachment":[{"href":"https:\/\/portalv1.com.br\/api\/wp\/v2\/media?parent=94168"}],"wp:term":[{"taxonomy":"category","embeddable":true,"href":"https:\/\/portalv1.com.br\/api\/wp\/v2\/categories?post=94168"},{"taxonomy":"post_tag","embeddable":true,"href":"https:\/\/portalv1.com.br\/api\/wp\/v2\/tags?post=94168"}],"curies":[{"name":"wp","href":"https:\/\/api.w.org\/{rel}","templated":true}]}}