{"id":94184,"date":"2021-05-25T20:08:13","date_gmt":"2021-05-25T23:08:13","guid":{"rendered":"https:\/\/portalv1.com.br\/?p=94184"},"modified":"2021-05-25T20:08:13","modified_gmt":"2021-05-25T23:08:13","slug":"deputado-federal-marcos-aurelio-destina-emenda-de-r-400-mil-para-valenca-do-piaui","status":"publish","type":"post","link":"https:\/\/portalv1.com.br\/deputado-federal-marcos-aurelio-destina-emenda-de-r-400-mil-para-valenca-do-piaui\/","title":{"rendered":"Deputado federal Marcos Aur\u00e9lio destina emenda de R$ 400 mil para Valen\u00e7a do Piaui"},"content":{"rendered":"<p><a href=\"https:\/\/portalv1.com.br\/app\/wp-content\/uploads\/2021\/05\/1f2be624-40c9-4f24-9e19-5ef134a97dbb.jpg\"><img loading=\"lazy\" decoding=\"async\" class=\"aligncenter size-large wp-image-94185\" src=\"https:\/\/portalv1.com.br\/app\/wp-content\/uploads\/2021\/05\/1f2be624-40c9-4f24-9e19-5ef134a97dbb-640x479.jpg\" alt=\"\" width=\"600\" height=\"449\" srcset=\"https:\/\/portalv1.com.br\/app\/wp-content\/uploads\/2021\/05\/1f2be624-40c9-4f24-9e19-5ef134a97dbb-640x479.jpg 640w, https:\/\/portalv1.com.br\/app\/wp-content\/uploads\/2021\/05\/1f2be624-40c9-4f24-9e19-5ef134a97dbb-300x224.jpg 300w, https:\/\/portalv1.com.br\/app\/wp-content\/uploads\/2021\/05\/1f2be624-40c9-4f24-9e19-5ef134a97dbb-768x575.jpg 768w, https:\/\/portalv1.com.br\/app\/wp-content\/uploads\/2021\/05\/1f2be624-40c9-4f24-9e19-5ef134a97dbb.jpg 957w\" sizes=\"auto, (max-width: 600px) 100vw, 600px\" \/><\/a>O Deputado federal Marcos Aur\u00e9lio Sampaio (MDB) destinou uma emenda or\u00e7ament\u00e1ria individual ao munic\u00edpio de Valen\u00e7a no valor de R$ 400 mil reais para a retomada dos servi\u00e7os de constru\u00e7\u00e3o do Gin\u00e1sio Poliesportivo do bairro Lavanderia com medidas e estruturas oficiais.<\/p>\n<p>As obras est\u00e3o paradas a cerca de 08 anos e agora o prefeito Marcelo Costa (PP), ap\u00f3s reuni\u00f5es com a Caixa e com a construtora, optou em concluir a obra, que \u00e9 uma iniciativa do ex-deputado federal Marllos Sampaio.<\/p>\n<p>Na \u00e9poca, Marllos Sampaio destinou R$ 1.300.000 para a constru\u00e7\u00e3o do gin\u00e1sio, mas devido a problemas burocr\u00e1ticos a obra parou e agora dever\u00e1 ser retomada gra\u00e7as ao entendimento entre o prefeito e o ex-deputado, que conseguiu por interm\u00e9dio do deputado federal Marcos Aur\u00e9lio, esse importante refor\u00e7o financeiro.<\/p>\n<p>Nesta ter\u00e7a-feira (25), o deputado federal Marcos Aur\u00e9lio se reuniu com o prefeito Marcelo Costa e com o ex-deputado Marllos Sampaio em seu gabinete na capital para oficializar a parceria. \u201cHoje em conversa com o prefeito de Valen\u00e7a do Piau\u00ed Marcelo Costa e com o ex deputado federal Marllos Sampaio falamos sobre as necessidades daquela regi\u00e3o. Na oportunidade tratamos sobre a aplica\u00e7\u00e3o da emenda de R$400 mil reais que destinei para investimentos no munic\u00edpio. Vamos seguindo em frente sempre lutando pelo nosso povo\u201d escreveu Marcos Aur\u00e9lio nas redes sociais.<\/p>\n<p><a href=\"https:\/\/portalv1.com.br\/app\/wp-content\/uploads\/2021\/05\/81f8a8db-c528-465d-9a8a-caaf5d6c0c58.jpg\"><img loading=\"lazy\" decoding=\"async\" class=\"aligncenter size-large wp-image-94186\" src=\"https:\/\/portalv1.com.br\/app\/wp-content\/uploads\/2021\/05\/81f8a8db-c528-465d-9a8a-caaf5d6c0c58-640x479.jpg\" alt=\"\" width=\"600\" height=\"449\" srcset=\"https:\/\/portalv1.com.br\/app\/wp-content\/uploads\/2021\/05\/81f8a8db-c528-465d-9a8a-caaf5d6c0c58-640x479.jpg 640w, https:\/\/portalv1.com.br\/app\/wp-content\/uploads\/2021\/05\/81f8a8db-c528-465d-9a8a-caaf5d6c0c58-300x225.jpg 300w, https:\/\/portalv1.com.br\/app\/wp-content\/uploads\/2021\/05\/81f8a8db-c528-465d-9a8a-caaf5d6c0c58-768x575.jpg 768w, https:\/\/portalv1.com.br\/app\/wp-content\/uploads\/2021\/05\/81f8a8db-c528-465d-9a8a-caaf5d6c0c58.jpg 958w\" sizes=\"auto, (max-width: 600px) 100vw, 600px\" \/><\/a><\/p>\n<p>\u201cEst\u00e1 obra \u00e9 um sonho antigo n\u00e3o s\u00f3 do bairro Lavanderia, mas de toda cidade De Valen\u00e7a. A \u00e9poca como deputado federal nos preocupamos em dar primeiro infraestrutura ao bairro lavanderia que praticamente n\u00e3o tinha uma rua de cal\u00e7amento e fizemos o cal\u00e7amento de todo entorno do gin\u00e1sio que ser\u00e1 constru\u00eddo ao lado do posto de sa\u00fade. Para mim uma realiza\u00e7\u00e3o pois terei a possibilidade de finalizar uma obra que iniciei. \u00c9 uma obra que ir\u00e1 colocar Valen\u00e7a no alto patamar esportivo do Piau\u00ed e ir\u00e1 valorizar e muito a \u00e1rea residencial e comercial do bairro Lavanderia\u201d disse o ex-deputado Marllos Sampaio que agradeceu o apoio do prefeito Marcelo Costa e do deputado Marcos Aur\u00e9lio.<\/p>\n<p>\u201cAgrade\u00e7o ao ex-deputado Marllos Sampaio, que est\u00e1 nos ajudando nessa obra t\u00e3o importante. Marllos havia destinado R$ 1.300.000 mil reais no in\u00edcio das obras, mas devido ao tempo, quase nove anos, os recursos n\u00e3o eram suficientes para concluir o gin\u00e1sio, ent\u00e3o ele conseguiu com o seu sobrinho, o deputado Marcos Aur\u00e9lio, esses R$ 400 mil reais, que ser\u00e3o importantes para concluir essa obra muito aguardada pela nossa popula\u00e7\u00e3o. Nosso sentimento \u00e9 de gratid\u00e3o\u201d destacou o prefeito Marcelo Costa.<\/p>\n","protected":false},"excerpt":{"rendered":"<p>O Deputado federal Marcos Aur\u00e9lio Sampaio (MDB) destinou uma emenda or\u00e7ament\u00e1ria individual ao munic\u00edpio de Valen\u00e7a no valor de R$ 400 mil reais para a retomada dos servi\u00e7os de constru\u00e7\u00e3o&#8230;<\/p>\n","protected":false},"author":1,"featured_media":94185,"comment_status":"open","ping_status":"open","sticky":false,"template":"","format":"standard","meta":{"ngg_post_thumbnail":0,"footnotes":""},"categories":[243],"tags":[],"class_list":["post-94184","post","type-post","status-publish","format-standard","has-post-thumbnail","hentry","category-geral"],"views":695,"meta_data":{"thumb":"https:\/\/portalv1.com.br\/app\/wp-content\/uploads\/2021\/05\/1f2be624-40c9-4f24-9e19-5ef134a97dbb.jpg","imagem":{"fullsize":{"url":"https:\/\/portalv1.com.br\/app\/wp-content\/uploads\/2021\/05\/1f2be624-40c9-4f24-9e19-5ef134a97dbb.jpg","width":957,"height":716},"medium":{"url":"https:\/\/portalv1.com.br\/app\/wp-content\/uploads\/2021\/05\/1f2be624-40c9-4f24-9e19-5ef134a97dbb-300x224.jpg","width":300,"height":224},"large":{"url":"https:\/\/portalv1.com.br\/app\/wp-content\/uploads\/2021\/05\/1f2be624-40c9-4f24-9e19-5ef134a97dbb-640x479.jpg","width":640,"height":479},"thumbnail":{"url":"https:\/\/portalv1.com.br\/app\/wp-content\/uploads\/2021\/05\/1f2be624-40c9-4f24-9e19-5ef134a97dbb-100x100.jpg","width":100,"height":100},"medium_large":{"url":"https:\/\/portalv1.com.br\/app\/wp-content\/uploads\/2021\/05\/1f2be624-40c9-4f24-9e19-5ef134a97dbb-768x575.jpg","width":768,"height":575}},"data":{"simple":"25\/05\/2021","date_time":"25\/05\/2021 17:08:13","date":"h\u00e1 5 anos"},"chapeu":"Bairro Lavanderia ","source":"slide"},"_links":{"self":[{"href":"https:\/\/portalv1.com.br\/api\/wp\/v2\/posts\/94184","targetHints":{"allow":["GET"]}}],"collection":[{"href":"https:\/\/portalv1.com.br\/api\/wp\/v2\/posts"}],"about":[{"href":"https:\/\/portalv1.com.br\/api\/wp\/v2\/types\/post"}],"author":[{"embeddable":true,"href":"https:\/\/portalv1.com.br\/api\/wp\/v2\/users\/1"}],"replies":[{"embeddable":true,"href":"https:\/\/portalv1.com.br\/api\/wp\/v2\/comments?post=94184"}],"version-history":[{"count":0,"href":"https:\/\/portalv1.com.br\/api\/wp\/v2\/posts\/94184\/revisions"}],"wp:featuredmedia":[{"embeddable":true,"href":"https:\/\/portalv1.com.br\/api\/wp\/v2\/media\/94185"}],"wp:attachment":[{"href":"https:\/\/portalv1.com.br\/api\/wp\/v2\/media?parent=94184"}],"wp:term":[{"taxonomy":"category","embeddable":true,"href":"https:\/\/portalv1.com.br\/api\/wp\/v2\/categories?post=94184"},{"taxonomy":"post_tag","embeddable":true,"href":"https:\/\/portalv1.com.br\/api\/wp\/v2\/tags?post=94184"}],"curies":[{"name":"wp","href":"https:\/\/api.w.org\/{rel}","templated":true}]}}