{"id":94245,"date":"2021-05-30T22:02:42","date_gmt":"2021-05-31T01:02:42","guid":{"rendered":"https:\/\/portalv1.com.br\/?p=94245"},"modified":"2021-05-30T22:02:42","modified_gmt":"2021-05-31T01:02:42","slug":"governador-e-rafael-fonteles-almocam-com-lula-e-imagem-reforca-trio-para-2022","status":"publish","type":"post","link":"https:\/\/portalv1.com.br\/governador-e-rafael-fonteles-almocam-com-lula-e-imagem-reforca-trio-para-2022\/","title":{"rendered":"Governador e Rafael Fonteles almo\u00e7am com Lula e imagem refor\u00e7a trio para 2022"},"content":{"rendered":"<p>O governador Wellington Dias (PT) e o secret\u00e1rio Estadual de Fazenda, Rafael Fonteles, almo\u00e7aram com o ex-presidente Lula, no s\u00e1bado (29), em S\u00e3o Paulo.&nbsp;<\/p>\n<p>O encontro refor\u00e7a ainda mais a possibilidade de Rafael Fonteles ser o pr\u00e9-candidato a governador em 2022. Com a popularidade do ex-presidente, ap\u00f3s a vit\u00f3ria do STF (Supremo Tribunal Federal), que anulou as condena\u00e7\u00f5es e o tornou eleg\u00edvel, os petistas querem trabalhar a imagem do Lula com a\u00e7\u00f5es no estado. Para petistas, a imagem do trio pode se repetir no pr\u00f3ximo ano para destacar o legado que Lula tem com o estado.&nbsp;<\/p>\n<p>Em postagem em sua rede social, o governador n\u00e3o&nbsp; relata nenhuma pauta pol\u00edtica, mas de uma agenda sobre a vacina contra a Covid-19, disse que o Lula vai ajudar, e preocupa\u00e7\u00e3o com a fome e desemprego.&nbsp;<\/p>\n<p>\u201cNosso Lula! Sempre com di\u00e1logos inteligentes, interessado em conhecer os projetos do Cons\u00f3rcio Nordeste. Depois dos v\u00e1rios compromissos de governo agendados em S\u00e3o Paulo, eu e Rafael tivemos a oportunidade de uma boa conversa com ele. Lula est\u00e1 muito focado na agenda do povo e do Brasil: quer mais vacinas e vai ajudar, preocupado com a fome e desemprego, e quer se somar com outros l\u00edderes para seguir defendendo a democracia. Quando o momento for oportuno, estar\u00e1 no Nordeste para alguns compromissos. Seguimos juntos!\u201d<\/p>\n<blockquote class=\"instagram-media\" style=\"background: #FFF; border: 0; border-radius: 3px; box-shadow: 0 0 1px 0 rgba(0,0,0,0.5),0 1px 10px 0 rgba(0,0,0,0.15); margin: 1px; max-width: 540px; min-width: 326px; padding: 0; width: calc(100% - 2px);\" data-instgrm-captioned=\"\" data-instgrm-permalink=\"https:\/\/www.instagram.com\/p\/CPgqQ8Osx0s\/?utm_source=ig_embed&amp;utm_campaign=loading\" data-instgrm-version=\"13\">\n<div style=\"padding: 16px;\">\n<p>&nbsp;<\/p>\n<div style=\"display: flex; flex-direction: row; align-items: center;\">\n<div style=\"background-color: #f4f4f4; border-radius: 50%; flex-grow: 0; height: 40px; margin-right: 14px; width: 40px;\">&nbsp;<\/div>\n<div style=\"display: flex; flex-direction: column; flex-grow: 1; justify-content: center;\">\n<div style=\"background-color: #f4f4f4; border-radius: 4px; flex-grow: 0; height: 14px; margin-bottom: 6px; width: 100px;\">&nbsp;<\/div>\n<div style=\"background-color: #f4f4f4; border-radius: 4px; flex-grow: 0; height: 14px; width: 60px;\">&nbsp;<\/div>\n<\/div>\n<\/div>\n<div style=\"padding: 19% 0;\">&nbsp;<\/div>\n<div style=\"display: block; height: 50px; margin: 0 auto 12px; width: 50px;\">&nbsp;<\/div>\n<div style=\"padding-top: 8px;\">\n<div style=\"color: #3897f0; font-family: Arial,sans-serif; font-size: 14px; font-style: normal; font-weight: 550; line-height: 18px;\">Ver essa foto no Instagram<\/div>\n<\/div>\n<div style=\"padding: 12.5% 0;\">&nbsp;<\/div>\n<div style=\"display: flex; flex-direction: row; margin-bottom: 14px; align-items: center;\">\n<div>\n<div style=\"background-color: #f4f4f4; border-radius: 50%; height: 12.5px; width: 12.5px; transform: translateX(0px) translateY(7px);\">&nbsp;<\/div>\n<div style=\"background-color: #f4f4f4; height: 12.5px; transform: rotate(-45deg) translateX(3px) translateY(1px); width: 12.5px; flex-grow: 0; margin-right: 14px; margin-left: 2px;\">&nbsp;<\/div>\n<div style=\"background-color: #f4f4f4; border-radius: 50%; height: 12.5px; width: 12.5px; transform: translateX(9px) translateY(-18px);\">&nbsp;<\/div>\n<\/div>\n<div style=\"margin-left: 8px;\">\n<div style=\"background-color: #f4f4f4; border-radius: 50%; flex-grow: 0; height: 20px; width: 20px;\">&nbsp;<\/div>\n<div style=\"width: 0; height: 0; border-top: 2px solid transparent; border-left: 6px solid #f4f4f4; border-bottom: 2px solid transparent; transform: translateX(16px) translateY(-4px) rotate(30deg);\">&nbsp;<\/div>\n<\/div>\n<div style=\"margin-left: auto;\">\n<div style=\"width: 0px; border-top: 8px solid #F4F4F4; border-right: 8px solid transparent; transform: translateY(16px);\">&nbsp;<\/div>\n<div style=\"background-color: #f4f4f4; flex-grow: 0; height: 12px; width: 16px; transform: translateY(-4px);\">&nbsp;<\/div>\n<div style=\"width: 0; height: 0; border-top: 8px solid #F4F4F4; border-left: 8px solid transparent; transform: translateY(-4px) translateX(8px);\">&nbsp;<\/div>\n<\/div>\n<\/div>\n<div style=\"display: flex; flex-direction: column; flex-grow: 1; justify-content: center; margin-bottom: 24px;\">\n<div style=\"background-color: #f4f4f4; border-radius: 4px; flex-grow: 0; height: 14px; margin-bottom: 6px; width: 224px;\">&nbsp;<\/div>\n<div style=\"background-color: #f4f4f4; border-radius: 4px; flex-grow: 0; height: 14px; width: 144px;\">&nbsp;<\/div>\n<\/div>\n<p>&nbsp;<\/p>\n<p style=\"color: #c9c8cd; font-family: Arial,sans-serif; font-size: 14px; line-height: 17px; margin-bottom: 0; margin-top: 8px; overflow: hidden; padding: 8px 0 7px; text-align: center; text-overflow: ellipsis; white-space: nowrap;\"><a style=\"color: #c9c8cd; font-family: Arial,sans-serif; font-size: 14px; font-style: normal; font-weight: normal; line-height: 17px; text-decoration: none;\" href=\"https:\/\/www.instagram.com\/p\/CPgqQ8Osx0s\/?utm_source=ig_embed&amp;utm_campaign=loading\" target=\"_blank\" rel=\"noopener\">Uma publica\u00e7\u00e3o compartilhada por Wellington Dias (@wellingtondiasoficial)<\/a><\/p>\n<\/div>\n<\/blockquote>\n<p><script async=\"\" src=\"\/\/www.instagram.com\/embed.js\"><\/script>&nbsp;<\/p>\n","protected":false},"excerpt":{"rendered":"<p>O governador Wellington Dias (PT) e o secret\u00e1rio Estadual de Fazenda, Rafael Fonteles, almo\u00e7aram com o ex-presidente Lula, no s\u00e1bado (29), em S\u00e3o Paulo.&nbsp; O encontro refor\u00e7a ainda mais a&#8230;<\/p>\n","protected":false},"author":1,"featured_media":94246,"comment_status":"open","ping_status":"open","sticky":false,"template":"","format":"standard","meta":{"ngg_post_thumbnail":0,"footnotes":""},"categories":[243],"tags":[],"class_list":["post-94245","post","type-post","status-publish","format-standard","has-post-thumbnail","hentry","category-geral"],"views":249,"meta_data":{"thumb":"https:\/\/portalv1.com.br\/app\/wp-content\/uploads\/2021\/05\/lulA.jpg","imagem":{"fullsize":{"url":"https:\/\/portalv1.com.br\/app\/wp-content\/uploads\/2021\/05\/lulA.jpg","width":1280,"height":720},"medium":{"url":"https:\/\/portalv1.com.br\/app\/wp-content\/uploads\/2021\/05\/lulA-300x169.jpg","width":300,"height":169},"large":{"url":"https:\/\/portalv1.com.br\/app\/wp-content\/uploads\/2021\/05\/lulA-640x360.jpg","width":640,"height":360},"thumbnail":{"url":"https:\/\/portalv1.com.br\/app\/wp-content\/uploads\/2021\/05\/lulA-100x100.jpg","width":100,"height":100},"medium_large":{"url":"https:\/\/portalv1.com.br\/app\/wp-content\/uploads\/2021\/05\/lulA-768x432.jpg","width":768,"height":432}},"data":{"simple":"30\/05\/2021","date_time":"30\/05\/2021 19:02:42","date":"h\u00e1 5 anos"},"chapeu":"Saiba Detalhes ","source":"m_destacada"},"_links":{"self":[{"href":"https:\/\/portalv1.com.br\/api\/wp\/v2\/posts\/94245","targetHints":{"allow":["GET"]}}],"collection":[{"href":"https:\/\/portalv1.com.br\/api\/wp\/v2\/posts"}],"about":[{"href":"https:\/\/portalv1.com.br\/api\/wp\/v2\/types\/post"}],"author":[{"embeddable":true,"href":"https:\/\/portalv1.com.br\/api\/wp\/v2\/users\/1"}],"replies":[{"embeddable":true,"href":"https:\/\/portalv1.com.br\/api\/wp\/v2\/comments?post=94245"}],"version-history":[{"count":0,"href":"https:\/\/portalv1.com.br\/api\/wp\/v2\/posts\/94245\/revisions"}],"wp:featuredmedia":[{"embeddable":true,"href":"https:\/\/portalv1.com.br\/api\/wp\/v2\/media\/94246"}],"wp:attachment":[{"href":"https:\/\/portalv1.com.br\/api\/wp\/v2\/media?parent=94245"}],"wp:term":[{"taxonomy":"category","embeddable":true,"href":"https:\/\/portalv1.com.br\/api\/wp\/v2\/categories?post=94245"},{"taxonomy":"post_tag","embeddable":true,"href":"https:\/\/portalv1.com.br\/api\/wp\/v2\/tags?post=94245"}],"curies":[{"name":"wp","href":"https:\/\/api.w.org\/{rel}","templated":true}]}}