{"id":94286,"date":"2021-06-01T23:01:14","date_gmt":"2021-06-02T02:01:14","guid":{"rendered":"https:\/\/portalv1.com.br\/?p=94286"},"modified":"2021-06-01T23:01:14","modified_gmt":"2021-06-02T02:01:14","slug":"ciretran-de-valenca-tem-novo-coordenador-geral","status":"publish","type":"post","link":"https:\/\/portalv1.com.br\/ciretran-de-valenca-tem-novo-coordenador-geral\/","title":{"rendered":"Ciretran de Valen\u00e7a tem novo coordenador geral"},"content":{"rendered":"<p>A Ciretran de Valen\u00e7a conta com um novo coordenador, o indicado \u00e9 Adriano Lima Barbosa, que assume a coordena\u00e7\u00e3o regional do Detran em substitui\u00e7\u00e3o a professora Miridan Santos.<\/p>\n<p>A decis\u00e3o foi publicada no Di\u00e1rio Oficial com validade desde o \u00faltimo dia 25 de maio. Adriano Lima est\u00e1 em Teresina realizando o treinamento necess\u00e1rio para gerenciar a coordena\u00e7\u00e3o.<\/p>\n<p>Ele esteve reunido nesta ter\u00e7a-feira (1\u00ba) com o diretor-geral do Departamento Estadual de Tr\u00e2nsito (Detran-PI), o advogado Garcias Guedes Rodrigues Junior. A indica\u00e7\u00e3o foi avalizada pelo ex-deputado Marllos Sampaio.<\/p>\n<p><a href=\"https:\/\/portalv1.com.br\/app\/wp-content\/uploads\/2021\/06\/DETRAN.jpg\"><img loading=\"lazy\" decoding=\"async\" class=\"aligncenter size-large wp-image-94288\" src=\"https:\/\/portalv1.com.br\/app\/wp-content\/uploads\/2021\/06\/DETRAN-640x855.jpg\" alt=\"\" width=\"600\" height=\"802\" srcset=\"https:\/\/portalv1.com.br\/app\/wp-content\/uploads\/2021\/06\/DETRAN-640x855.jpg 640w, https:\/\/portalv1.com.br\/app\/wp-content\/uploads\/2021\/06\/DETRAN-300x401.jpg 300w, https:\/\/portalv1.com.br\/app\/wp-content\/uploads\/2021\/06\/DETRAN-768x1026.jpg 768w, https:\/\/portalv1.com.br\/app\/wp-content\/uploads\/2021\/06\/DETRAN.jpg 958w\" sizes=\"auto, (max-width: 600px) 100vw, 600px\" \/><\/a><\/p>\n","protected":false},"excerpt":{"rendered":"<p>A Ciretran de Valen\u00e7a conta com um novo coordenador, o indicado \u00e9 Adriano Lima Barbosa, que assume a coordena\u00e7\u00e3o regional do Detran em substitui\u00e7\u00e3o a professora Miridan Santos. A decis\u00e3o&#8230;<\/p>\n","protected":false},"author":1,"featured_media":94287,"comment_status":"open","ping_status":"open","sticky":false,"template":"","format":"standard","meta":{"ngg_post_thumbnail":0,"footnotes":""},"categories":[243],"tags":[],"class_list":["post-94286","post","type-post","status-publish","format-standard","has-post-thumbnail","hentry","category-geral"],"views":1390,"meta_data":{"thumb":"https:\/\/portalv1.com.br\/app\/wp-content\/uploads\/2021\/06\/Apresentacao1.jpg","imagem":{"fullsize":{"url":"https:\/\/portalv1.com.br\/app\/wp-content\/uploads\/2021\/06\/Apresentacao1.jpg","width":1280,"height":720},"medium":{"url":"https:\/\/portalv1.com.br\/app\/wp-content\/uploads\/2021\/06\/Apresentacao1-300x169.jpg","width":300,"height":169},"large":{"url":"https:\/\/portalv1.com.br\/app\/wp-content\/uploads\/2021\/06\/Apresentacao1-640x360.jpg","width":640,"height":360},"thumbnail":{"url":"https:\/\/portalv1.com.br\/app\/wp-content\/uploads\/2021\/06\/Apresentacao1-100x100.jpg","width":100,"height":100},"medium_large":{"url":"https:\/\/portalv1.com.br\/app\/wp-content\/uploads\/2021\/06\/Apresentacao1-768x432.jpg","width":768,"height":432}},"data":{"simple":"01\/06\/2021","date_time":"01\/06\/2021 20:01:14","date":"h\u00e1 5 anos"},"chapeu":"Veja nome","source":"slide"},"_links":{"self":[{"href":"https:\/\/portalv1.com.br\/api\/wp\/v2\/posts\/94286","targetHints":{"allow":["GET"]}}],"collection":[{"href":"https:\/\/portalv1.com.br\/api\/wp\/v2\/posts"}],"about":[{"href":"https:\/\/portalv1.com.br\/api\/wp\/v2\/types\/post"}],"author":[{"embeddable":true,"href":"https:\/\/portalv1.com.br\/api\/wp\/v2\/users\/1"}],"replies":[{"embeddable":true,"href":"https:\/\/portalv1.com.br\/api\/wp\/v2\/comments?post=94286"}],"version-history":[{"count":0,"href":"https:\/\/portalv1.com.br\/api\/wp\/v2\/posts\/94286\/revisions"}],"wp:featuredmedia":[{"embeddable":true,"href":"https:\/\/portalv1.com.br\/api\/wp\/v2\/media\/94287"}],"wp:attachment":[{"href":"https:\/\/portalv1.com.br\/api\/wp\/v2\/media?parent=94286"}],"wp:term":[{"taxonomy":"category","embeddable":true,"href":"https:\/\/portalv1.com.br\/api\/wp\/v2\/categories?post=94286"},{"taxonomy":"post_tag","embeddable":true,"href":"https:\/\/portalv1.com.br\/api\/wp\/v2\/tags?post=94286"}],"curies":[{"name":"wp","href":"https:\/\/api.w.org\/{rel}","templated":true}]}}