{"id":9448,"date":"2011-07-19T09:36:28","date_gmt":"2011-07-19T12:36:28","guid":{"rendered":"https:\/\/portalv1.com.br\/?p=9448"},"modified":"2011-07-29T09:07:59","modified_gmt":"2011-07-29T12:07:59","slug":"confira-as-bandas-da-vaquejada-de-valenca-do-piaui","status":"publish","type":"post","link":"https:\/\/portalv1.com.br\/confira-as-bandas-da-vaquejada-de-valenca-do-piaui\/","title":{"rendered":"Confira as bandas que animar\u00e3o a Vaquejada de Valen\u00e7a"},"content":{"rendered":"<figure id=\"attachment_9149\" aria-describedby=\"caption-attachment-9149\" style=\"width: 300px\" class=\"wp-caption alignright\"><a href=\"https:\/\/portalv1.com.br\/app\/wp-content\/uploads\/2011\/06\/Vaquejada3.jpg\"><img loading=\"lazy\" decoding=\"async\" class=\"size-full wp-image-9149\" title=\"Vaquejada3\" src=\"https:\/\/portalv1.com.br\/app\/wp-content\/uploads\/2011\/06\/Vaquejada3.jpg\" alt=\"\" width=\"300\" height=\"183\" \/><\/a><figcaption id=\"caption-attachment-9149\" class=\"wp-caption-text\">A organiza\u00e7\u00e3o \u00e9 do Parque M\u00e3e Iris do Arras Amanda <\/figcaption><\/figure>\n<p>A Organiza\u00e7\u00e3o do Parque M\u00e3e Iris do Arras Amanda divulgou a programa\u00e7\u00e3o musical para a 3\u00aa Vaquejada de Valen\u00e7a, que acontecer\u00e1 de 02 a 04 de setembro. Na sexta-feira (02), a festa ser\u00e1 comandada pela Banda Moleke Doido e a Vem Morena. No s\u00e1bado (03) a anima\u00e7\u00e3o ficar\u00e1 por conta das bandas Caninana do Forro e Vem Morena e no domingo (04) a partir das 16h tem vesperal com a Banda Vem Morena e F\u00e1bio dos Teclados.<\/p>\n<p>Para esse ano de 2011, a premia\u00e7\u00e3o ser\u00e1 de R$ 25 mil reais, sendo R$ 7.200 para os amadores, R$12.800 para os profissionais e uma moto zero no valor de R$ 5.000 mil reais. Na vaquejada de Valen\u00e7a acontecer\u00e1 ainda a Etapa Final do XVII Circuito de Vaquejada Amador do Vale do Sambito. Uma grande estrutura, incluindo uma arquibancada ser\u00e1 montada no parque para oferecer um maior conforto ao publico presente. Neto Vaqueiro assina pela organiza\u00e7\u00e3o do evento.<\/p>\n","protected":false},"excerpt":{"rendered":"<p>A Organiza\u00e7\u00e3o do Parque M\u00e3e Iris do Arras Amanda divulgou a programa\u00e7\u00e3o musical para a 3\u00aa Vaquejada de Valen\u00e7a, que acontecer\u00e1 de 02 a 04 de setembro. Na sexta-feira (02),&#8230;<\/p>\n","protected":false},"author":1,"featured_media":0,"comment_status":"open","ping_status":"open","sticky":false,"template":"","format":"standard","meta":{"ngg_post_thumbnail":0,"footnotes":""},"categories":[203],"tags":[],"class_list":["post-9448","post","type-post","status-publish","format-standard","hentry","category-espacocultura"],"views":2666,"meta_data":{"thumb":"https:\/\/portalv1.com.br\/app\/wp-content\/uploads\/2011\/06\/Vaquejada3.jpg","data":{"simple":"19\/07\/2011","date_time":"19\/07\/2011 06:36:28","date":"h\u00e1 15 anos"},"chapeu":"","source":""},"_links":{"self":[{"href":"https:\/\/portalv1.com.br\/api\/wp\/v2\/posts\/9448","targetHints":{"allow":["GET"]}}],"collection":[{"href":"https:\/\/portalv1.com.br\/api\/wp\/v2\/posts"}],"about":[{"href":"https:\/\/portalv1.com.br\/api\/wp\/v2\/types\/post"}],"author":[{"embeddable":true,"href":"https:\/\/portalv1.com.br\/api\/wp\/v2\/users\/1"}],"replies":[{"embeddable":true,"href":"https:\/\/portalv1.com.br\/api\/wp\/v2\/comments?post=9448"}],"version-history":[{"count":0,"href":"https:\/\/portalv1.com.br\/api\/wp\/v2\/posts\/9448\/revisions"}],"wp:attachment":[{"href":"https:\/\/portalv1.com.br\/api\/wp\/v2\/media?parent=9448"}],"wp:term":[{"taxonomy":"category","embeddable":true,"href":"https:\/\/portalv1.com.br\/api\/wp\/v2\/categories?post=9448"},{"taxonomy":"post_tag","embeddable":true,"href":"https:\/\/portalv1.com.br\/api\/wp\/v2\/tags?post=9448"}],"curies":[{"name":"wp","href":"https:\/\/api.w.org\/{rel}","templated":true}]}}