{"id":94573,"date":"2021-06-08T22:47:02","date_gmt":"2021-06-09T01:47:02","guid":{"rendered":"https:\/\/portalv1.com.br\/?p=94573"},"modified":"2021-06-08T22:48:52","modified_gmt":"2021-06-09T01:48:52","slug":"promotor-abre-inquerito-contra-camara-municipal-de-valenca-do-piaui","status":"publish","type":"post","link":"https:\/\/portalv1.com.br\/promotor-abre-inquerito-contra-camara-municipal-de-valenca-do-piaui\/","title":{"rendered":"Promotor abre inqu\u00e9rito contra C\u00e2mara Municipal de Valen\u00e7a do Piau\u00ed"},"content":{"rendered":"<figure id=\"attachment_24466\" aria-describedby=\"caption-attachment-24466\" style=\"width: 600px\" class=\"wp-caption aligncenter\"><a href=\"https:\/\/portalv1.com.br\/app\/wp-content\/uploads\/2016\/09\/cama.jpg\"><img loading=\"lazy\" decoding=\"async\" class=\"size-large wp-image-24466\" src=\"https:\/\/portalv1.com.br\/app\/wp-content\/uploads\/2016\/09\/cama-640x480.jpg\" alt=\"\" width=\"600\" height=\"450\" srcset=\"https:\/\/portalv1.com.br\/app\/wp-content\/uploads\/2016\/09\/cama.jpg 640w, https:\/\/portalv1.com.br\/app\/wp-content\/uploads\/2016\/09\/cama-300x225.jpg 300w\" sizes=\"auto, (max-width: 600px) 100vw, 600px\" \/><\/a><figcaption id=\"caption-attachment-24466\" class=\"wp-caption-text\">C\u00e2mara de Valen\u00e7a<\/figcaption><\/figure>\n<p>O Minist\u00e9rio P\u00fablico do Estado do Piau\u00ed, por meio do promotor de Justi\u00e7a Jos\u00e9 William Pereira Luz, instaurou inqu\u00e9rito civil p\u00fablico para investigar um contrato sem licita\u00e7\u00e3o firmado pela C\u00e2mara Municipal de Valen\u00e7a do Piau\u00ed. A portaria foi assinada no dia 31 de maio.<\/p>\n<p>De acordo com o documento assinado pelo representante do \u00f3rg\u00e3o ministerial, a C\u00e2mara Municipal de Valen\u00e7a do Piau\u00ed teria contratado sem licita\u00e7\u00e3o o escrit\u00f3rio Conplan Contabilidade pelo valor anual de R$ 121.973,04 (cento e vinte e um mil, novecentos e setenta e tr\u00eas reais e quatro centavos), para presta\u00e7\u00e3o de servi\u00e7os profissionais de contabilidade (assessoria, consultorias t\u00e9cnicas e folhas de pagamento).<\/p>\n<p>O promotor considerou que a dispensa de processo licitat\u00f3rio n\u00e3o contempla qualquer contrata\u00e7\u00e3o, mesmo que seja de um servi\u00e7o t\u00e9cnico cuja inexigibilidade de licita\u00e7\u00e3o \u00e9 autorizada pela Lei N\u00ba 8.666\/1993 (Lei de Licita\u00e7\u00f5es e Contratos da Administra\u00e7\u00e3o P\u00fablica).<\/p>\n<p>\u201cSe presume que a ressalva no dever de licitar n\u00e3o ampara qualquer contrata\u00e7\u00e3o de simples presta\u00e7\u00e3o, remunerada mensalmente, como uma assessoria pr\u00f3pria do quadro administrativo municipal. Em qualquer caso, nos casos de inexigibilidade, a satisfa\u00e7\u00e3o do objeto e a escolha do contratado devem ser devidas e indispensavelmente motivadas, prevalecendo o interesse p\u00fablico sobre qualquer outra raz\u00e3o\u201d, argumentou o representante da 2\u00aa Promotoria de Justi\u00e7a de Valen\u00e7a do Piau\u00ed.<\/p>\n<p>Diante disso, o promotor instaurou o inqu\u00e9rito a fim de investigar a suposta irregularidade presente na contrata\u00e7\u00e3o sem licita\u00e7\u00e3o firmada pela C\u00e2mara Municipal de Valen\u00e7a do Piau\u00ed. Foi fixado prazo de um ano para conclus\u00e3o do procedimento.<\/p>\n<p><strong>Outro lado<\/strong><\/p>\n<p>O presidente da C\u00e2mara Municipal de Valen\u00e7a do Piau\u00ed n\u00e3o foi localizado pelo GP1.<\/p>\n<p>Fonte: GP1<\/p>\n","protected":false},"excerpt":{"rendered":"<p>O Minist\u00e9rio P\u00fablico do Estado do Piau\u00ed, por meio do promotor de Justi\u00e7a Jos\u00e9 William Pereira Luz, instaurou inqu\u00e9rito civil p\u00fablico para investigar um contrato sem licita\u00e7\u00e3o firmado pela C\u00e2mara&#8230;<\/p>\n","protected":false},"author":1,"featured_media":24466,"comment_status":"open","ping_status":"open","sticky":false,"template":"","format":"standard","meta":{"ngg_post_thumbnail":0,"footnotes":""},"categories":[243],"tags":[],"class_list":["post-94573","post","type-post","status-publish","format-standard","has-post-thumbnail","hentry","category-geral"],"views":1256,"meta_data":{"thumb":"https:\/\/portalv1.com.br\/app\/wp-content\/uploads\/2016\/09\/cama.jpg","imagem":{"fullsize":{"url":"https:\/\/portalv1.com.br\/app\/wp-content\/uploads\/2016\/09\/cama.jpg","width":640,"height":480},"thumbnail":{"url":"https:\/\/portalv1.com.br\/app\/wp-content\/uploads\/2016\/09\/cama-100x100.jpg","width":100,"height":100},"medium":{"url":"https:\/\/portalv1.com.br\/app\/wp-content\/uploads\/2016\/09\/cama-300x225.jpg","width":300,"height":225},"large":{"url":"https:\/\/portalv1.com.br\/app\/wp-content\/uploads\/2016\/09\/cama-640x480.jpg","width":640,"height":480}},"data":{"simple":"08\/06\/2021","date_time":"08\/06\/2021 19:47:02","date":"h\u00e1 5 anos"},"chapeu":"Minist\u00e9rio Publico","source":"slide"},"_links":{"self":[{"href":"https:\/\/portalv1.com.br\/api\/wp\/v2\/posts\/94573","targetHints":{"allow":["GET"]}}],"collection":[{"href":"https:\/\/portalv1.com.br\/api\/wp\/v2\/posts"}],"about":[{"href":"https:\/\/portalv1.com.br\/api\/wp\/v2\/types\/post"}],"author":[{"embeddable":true,"href":"https:\/\/portalv1.com.br\/api\/wp\/v2\/users\/1"}],"replies":[{"embeddable":true,"href":"https:\/\/portalv1.com.br\/api\/wp\/v2\/comments?post=94573"}],"version-history":[{"count":0,"href":"https:\/\/portalv1.com.br\/api\/wp\/v2\/posts\/94573\/revisions"}],"wp:featuredmedia":[{"embeddable":true,"href":"https:\/\/portalv1.com.br\/api\/wp\/v2\/media\/24466"}],"wp:attachment":[{"href":"https:\/\/portalv1.com.br\/api\/wp\/v2\/media?parent=94573"}],"wp:term":[{"taxonomy":"category","embeddable":true,"href":"https:\/\/portalv1.com.br\/api\/wp\/v2\/categories?post=94573"},{"taxonomy":"post_tag","embeddable":true,"href":"https:\/\/portalv1.com.br\/api\/wp\/v2\/tags?post=94573"}],"curies":[{"name":"wp","href":"https:\/\/api.w.org\/{rel}","templated":true}]}}