{"id":94597,"date":"2021-06-11T14:46:32","date_gmt":"2021-06-11T17:46:32","guid":{"rendered":"https:\/\/portalv1.com.br\/?p=94597"},"modified":"2021-06-11T14:46:32","modified_gmt":"2021-06-11T17:46:32","slug":"mp-arquiva-acao-contra-a-quebra-de-frasco-de-vacina-contra-a-covid-em-lagoa-do-sitio","status":"publish","type":"post","link":"https:\/\/portalv1.com.br\/mp-arquiva-acao-contra-a-quebra-de-frasco-de-vacina-contra-a-covid-em-lagoa-do-sitio\/","title":{"rendered":"MP arquiva a\u00e7\u00e3o contra a quebra de frasco de vacina contra a covid em Lagoa do Sitio"},"content":{"rendered":"<figure id=\"attachment_94598\" aria-describedby=\"caption-attachment-94598\" style=\"width: 600px\" class=\"wp-caption aligncenter\"><a href=\"https:\/\/portalv1.com.br\/app\/wp-content\/uploads\/2021\/06\/4-4.jpeg\"><img loading=\"lazy\" decoding=\"async\" class=\"size-large wp-image-94598\" src=\"https:\/\/portalv1.com.br\/app\/wp-content\/uploads\/2021\/06\/4-4-640x480.jpeg\" alt=\"\" width=\"600\" height=\"450\" srcset=\"https:\/\/portalv1.com.br\/app\/wp-content\/uploads\/2021\/06\/4-4-640x480.jpeg 640w, https:\/\/portalv1.com.br\/app\/wp-content\/uploads\/2021\/06\/4-4-300x225.jpeg 300w, https:\/\/portalv1.com.br\/app\/wp-content\/uploads\/2021\/06\/4-4-768x576.jpeg 768w, https:\/\/portalv1.com.br\/app\/wp-content\/uploads\/2021\/06\/4-4.jpeg 1280w\" sizes=\"auto, (max-width: 600px) 100vw, 600px\" \/><\/a><figcaption id=\"caption-attachment-94598\" class=\"wp-caption-text\">(Foto Arquivo)<\/figcaption><\/figure>\n<p>A 2\u00aa Promotoria de Justi\u00e7a de Valen\u00e7a do Piau\u00ed prop\u00f4s o arquivamento de procedimento instaurado para apurar Not\u00edcia de Fato sobre a perda de 10 doses de vacinas, ap\u00f3s a quebra de um frasco, no dia 02 de fevereiro de 2021, na Unidade B\u00e1sica Avan\u00e7ada de Sa\u00fade Dr. Lindomar de Moura Barbosa.<\/p>\n<p>Ap\u00f3s o epis\u00f3dio, foi formada uma comiss\u00e3o para apurar os fatos junto as pessoas que estavam no local no momento do acidente. Foi apurado que a servidora ao fazer o manuseio na geladeira o frasco escorregou e caiu no ch\u00e3o, resultando na quebra de um frasco contendo 10 doses da vacina Sinovac da Funda\u00e7\u00e3o Butantan.<\/p>\n<p>Ap\u00f3s a investiga\u00e7\u00e3o, a comiss\u00e3o apurou que n\u00e3o houve nenhum ato intencional tampouco irrespons\u00e1vel por parte da servidora. Em seu despacho, o Minist\u00e9rio P\u00fablico por interm\u00e9dio do promotor Jos\u00e9 Willian Pereira Luz, concordou com o resultado da apura\u00e7\u00e3o e solicitou o arquivamento.<\/p>\n<p>\u201cSendo assim, esgotadas as possibilidades de dilig\u00eancias, a investiga\u00e7\u00e3o feita n\u00e3o demonstra a pr\u00e1tica de irregularidades que possam cominar em ato de improbidade administrativa pelas profissionais de sa\u00fade envolvidas. Desta forma, pelos motivos expostos, promovo o ARQUIVAMENTO do feito\u201d.<\/p>\n","protected":false},"excerpt":{"rendered":"<p>A 2\u00aa Promotoria de Justi\u00e7a de Valen\u00e7a do Piau\u00ed prop\u00f4s o arquivamento de procedimento instaurado para apurar Not\u00edcia de Fato sobre a perda de 10 doses de vacinas, ap\u00f3s a&#8230;<\/p>\n","protected":false},"author":1,"featured_media":94598,"comment_status":"open","ping_status":"open","sticky":false,"template":"","format":"standard","meta":{"ngg_post_thumbnail":0,"footnotes":""},"categories":[243],"tags":[],"class_list":["post-94597","post","type-post","status-publish","format-standard","has-post-thumbnail","hentry","category-geral"],"views":480,"meta_data":{"thumb":"https:\/\/portalv1.com.br\/app\/wp-content\/uploads\/2021\/06\/4-4.jpeg","imagem":{"fullsize":{"url":"https:\/\/portalv1.com.br\/app\/wp-content\/uploads\/2021\/06\/4-4.jpeg","width":1280,"height":960},"medium":{"url":"https:\/\/portalv1.com.br\/app\/wp-content\/uploads\/2021\/06\/4-4-300x225.jpeg","width":300,"height":225},"large":{"url":"https:\/\/portalv1.com.br\/app\/wp-content\/uploads\/2021\/06\/4-4-640x480.jpeg","width":640,"height":480},"thumbnail":{"url":"https:\/\/portalv1.com.br\/app\/wp-content\/uploads\/2021\/06\/4-4-100x100.jpeg","width":100,"height":100},"medium_large":{"url":"https:\/\/portalv1.com.br\/app\/wp-content\/uploads\/2021\/06\/4-4-768x576.jpeg","width":768,"height":576}},"data":{"simple":"11\/06\/2021","date_time":"11\/06\/2021 11:46:32","date":"h\u00e1 5 anos"},"chapeu":"Minist\u00e9rio Publico ","source":"slide"},"_links":{"self":[{"href":"https:\/\/portalv1.com.br\/api\/wp\/v2\/posts\/94597","targetHints":{"allow":["GET"]}}],"collection":[{"href":"https:\/\/portalv1.com.br\/api\/wp\/v2\/posts"}],"about":[{"href":"https:\/\/portalv1.com.br\/api\/wp\/v2\/types\/post"}],"author":[{"embeddable":true,"href":"https:\/\/portalv1.com.br\/api\/wp\/v2\/users\/1"}],"replies":[{"embeddable":true,"href":"https:\/\/portalv1.com.br\/api\/wp\/v2\/comments?post=94597"}],"version-history":[{"count":0,"href":"https:\/\/portalv1.com.br\/api\/wp\/v2\/posts\/94597\/revisions"}],"wp:featuredmedia":[{"embeddable":true,"href":"https:\/\/portalv1.com.br\/api\/wp\/v2\/media\/94598"}],"wp:attachment":[{"href":"https:\/\/portalv1.com.br\/api\/wp\/v2\/media?parent=94597"}],"wp:term":[{"taxonomy":"category","embeddable":true,"href":"https:\/\/portalv1.com.br\/api\/wp\/v2\/categories?post=94597"},{"taxonomy":"post_tag","embeddable":true,"href":"https:\/\/portalv1.com.br\/api\/wp\/v2\/tags?post=94597"}],"curies":[{"name":"wp","href":"https:\/\/api.w.org\/{rel}","templated":true}]}}