{"id":9461,"date":"2011-07-19T23:03:23","date_gmt":"2011-07-20T02:03:23","guid":{"rendered":"https:\/\/portalv1.com.br\/?p=9461"},"modified":"2011-07-21T14:23:46","modified_gmt":"2011-07-21T17:23:46","slug":"prefeito-alcantara-discute-local-para-abrigar-o-trt-em-valenca","status":"publish","type":"post","link":"https:\/\/portalv1.com.br\/prefeito-alcantara-discute-local-para-abrigar-o-trt-em-valenca\/","title":{"rendered":"Prefeito Alc\u00e2ntara discute local para abrigar o TRT em Valen\u00e7a"},"content":{"rendered":"<figure id=\"attachment_9462\" aria-describedby=\"caption-attachment-9462\" style=\"width: 300px\" class=\"wp-caption alignright\"><a href=\"https:\/\/portalv1.com.br\/app\/wp-content\/uploads\/2011\/07\/trt1.jpg\"><img loading=\"lazy\" decoding=\"async\" class=\"size-full wp-image-9462\" title=\"trt\" src=\"https:\/\/portalv1.com.br\/app\/wp-content\/uploads\/2011\/07\/trt1.jpg\" alt=\"\" width=\"300\" height=\"183\" \/><\/a><figcaption id=\"caption-attachment-9462\" class=\"wp-caption-text\">Prefeito Alc\u00e2ntara durante a reuni\u00e3o no TRT\/PI <\/figcaption><\/figure>\n<p>O juiz Auxiliar da Presid\u00eancia do TRT\/PI, Roberto Wanderley Braga, e o diretor Geral do Tribunal, Felipe Mendes, receberam, na manh\u00e3 desta ter\u00e7a-feira (19), a visita do prefeito de Valen\u00e7a, Francisco de Assis Alc\u00e2ntara acompanhado de um arquiteto do munic\u00edpio, para discutir a planta do pr\u00e9dio que sediar\u00e1 a futura Vara do Trabalho de Valen\u00e7a.<\/p>\n<p>O im\u00f3vel ser\u00e1 disponibilizado pela Prefeitura do munic\u00edpio para que a Justi\u00e7a do Trabalho comece a atuar na regi\u00e3o com uma unidade espec\u00edfica.<\/p>\n<p>No come\u00e7o de junho, uma equipe do TRT\/PI visitou o munic\u00edpio para conhecer as poss\u00edveis sedes da nova Vara do Trabalho.<\/p>\n<p>Valen\u00e7a vai sediar uma das tr\u00eas novas Varas do Trabalho no Piau\u00ed aprovadas pelo Congresso Nacional.\u00a0 As outras duas cidades contempladas ser\u00e3o os munic\u00edpios de Urucu\u00ed e Bom Jesus. Este \u00faltimo, j\u00e1 conta com um Posto Avan\u00e7ado da Justi\u00e7a do Trabalho do Piau\u00ed, em fun\u00e7\u00e3o da demanda de reclama\u00e7\u00f5es trabalhistas na regi\u00e3o.<\/p>\n<p>A implanta\u00e7\u00e3o das Varas deve ser feita com recursos do or\u00e7amento do TRT\/PI, consignado no or\u00e7amento da Uni\u00e3o e cria tamb\u00e9m tr\u00eas cargos de Juiz do Trabalho, tr\u00eas cargos em comiss\u00e3o e 15 fun\u00e7\u00f5es comissionadas para provimento das novas Varas.<\/p>\n<p>Fonte: CCOM TRT\/PI<\/p>\n","protected":false},"excerpt":{"rendered":"<p>O juiz Auxiliar da Presid\u00eancia do TRT\/PI, Roberto Wanderley Braga, e o diretor Geral do Tribunal, Felipe Mendes, receberam, na manh\u00e3 desta ter\u00e7a-feira (19), a visita do prefeito de Valen\u00e7a,&#8230;<\/p>\n","protected":false},"author":1,"featured_media":0,"comment_status":"open","ping_status":"open","sticky":false,"template":"","format":"standard","meta":{"ngg_post_thumbnail":0,"footnotes":""},"categories":[12],"tags":[],"class_list":["post-9461","post","type-post","status-publish","format-standard","hentry","category-valenca-news"],"views":689,"meta_data":{"thumb":"https:\/\/portalv1.com.br\/app\/wp-content\/uploads\/2011\/07\/trt1.jpg","data":{"simple":"19\/07\/2011","date_time":"19\/07\/2011 20:03:23","date":"h\u00e1 15 anos"},"chapeu":"","source":""},"_links":{"self":[{"href":"https:\/\/portalv1.com.br\/api\/wp\/v2\/posts\/9461","targetHints":{"allow":["GET"]}}],"collection":[{"href":"https:\/\/portalv1.com.br\/api\/wp\/v2\/posts"}],"about":[{"href":"https:\/\/portalv1.com.br\/api\/wp\/v2\/types\/post"}],"author":[{"embeddable":true,"href":"https:\/\/portalv1.com.br\/api\/wp\/v2\/users\/1"}],"replies":[{"embeddable":true,"href":"https:\/\/portalv1.com.br\/api\/wp\/v2\/comments?post=9461"}],"version-history":[{"count":0,"href":"https:\/\/portalv1.com.br\/api\/wp\/v2\/posts\/9461\/revisions"}],"wp:attachment":[{"href":"https:\/\/portalv1.com.br\/api\/wp\/v2\/media?parent=9461"}],"wp:term":[{"taxonomy":"category","embeddable":true,"href":"https:\/\/portalv1.com.br\/api\/wp\/v2\/categories?post=9461"},{"taxonomy":"post_tag","embeddable":true,"href":"https:\/\/portalv1.com.br\/api\/wp\/v2\/tags?post=9461"}],"curies":[{"name":"wp","href":"https:\/\/api.w.org\/{rel}","templated":true}]}}