{"id":94672,"date":"2021-06-14T18:18:59","date_gmt":"2021-06-14T21:18:59","guid":{"rendered":"https:\/\/portalv1.com.br\/?p=94672"},"modified":"2021-06-14T18:18:59","modified_gmt":"2021-06-14T21:18:59","slug":"envio-de-3-milhoes-de-doses-das-vacinas-da-janssen-ao-brasil-foi-adiado","status":"publish","type":"post","link":"https:\/\/portalv1.com.br\/envio-de-3-milhoes-de-doses-das-vacinas-da-janssen-ao-brasil-foi-adiado\/","title":{"rendered":"Envio de 3 milh\u00f5es de doses das vacinas da Janssen ao Brasil foi adiado"},"content":{"rendered":"<p>A chegada ao Brasil de 3 milh\u00f5es de doses de vacinas da Janssen, prevista para ocorrer nesta ter\u00e7a-feira (15), foi adiada. A informa\u00e7\u00e3o foi confirmada pelo Minist\u00e9rio da Sa\u00fade. Em nota, a pasta confirma a suspens\u00e3o tempor\u00e1ria do envio e diz que aguarda nova previs\u00e3o de entrega.<\/p>\n<p>&#8220;A pasta aguarda confirma\u00e7\u00e3o da data por parte do laborat\u00f3rio, mas a expectativa \u00e9 de que as doses cheguem ainda esta semana ao pa\u00eds em tr\u00eas remessas&#8221;, informa a pasta. Ainda n\u00e3o h\u00e1 informa\u00e7\u00e3o sobre o motivo do adiamento da entrega. Questionada, a Janssen disse apenas que &#8220;segue dialogando com o Minist\u00e9rio da Sa\u00fade e outras autoridades locais com o objetivo de disponibilizar a vacina no pa\u00eds o quanto antes&#8221;.<\/p>\n<p>A previs\u00e3o para chegada nesta ter\u00e7a (15) havia sido confirmada no s\u00e1bado (12) pelo Minist\u00e9rio da Sa\u00fade. A medida ocorreu ap\u00f3s a FDA, ag\u00eancia reguladora de medicamentos dos Estados Unidos, ampliar o prazo de validade das doses que estavam no pa\u00eds e que devem ser enviadas ao Brasil. Inicialmente, as doses tinham data de vencimento de 27 de junho, mas ela foi prorrogada para 8 de agosto pela ag\u00eancia americana.<\/p>\n<p>Um pedido semelhante foi feito pela farmac\u00eautica tamb\u00e9m \u00e0 Anvisa (Ag\u00eancia Nacional de Vigil\u00e2ncia Sanit\u00e1ria), que regula as vacinas no Brasil. Atualmente, o prazo de validade das doses de vacinas da Janssen \u00e9 de tr\u00eas meses.<\/p>\n<p>A farmac\u00eautica, por\u00e9m, pede que esse prazo seja ampliado para 4,5 meses. A previs\u00e3o \u00e9 que a ag\u00eancia d\u00ea um parecer ainda no in\u00edcio desta semana. O Brasil tem contratos para obter 38 milh\u00f5es de doses da Janssen neste ano. As entregas, por\u00e9m, estavam previstas para ocorrer apenas entre julho e dezembro.<\/p>\n<p>O Minist\u00e9rio da Sa\u00fade vinha dizendo que pretendia acelerar a distribui\u00e7\u00e3o caso recebesse a vacina mais cedo. O plano inicial era enviar as doses \u00e0s capitais, mas alguns estados t\u00eam dito que pretendem distribuir as doses a mais cidades.<\/p>\n<p>No s\u00e1bado (12), o ministro da Sa\u00fade, Marcelo Queiroga, descartou problemas na aplica\u00e7\u00e3o dessas doses por conta da validade, frisando que o pa\u00eds consegue aplicar at\u00e9 2,4 milh\u00f5es de doses ao dia. A situa\u00e7\u00e3o, por\u00e9m, gerou preocupa\u00e7\u00e3o em alguns estados.<\/p>\n<p>&#8220;Vamos seguir o fluxo normal do PNI [Programa Nacional de Imuniza\u00e7\u00f5es]. A quest\u00e3o \u00e9 somente a log\u00edstica para diminuir o risco de uma eventual perda das doses&#8221;, disse o ministro.<\/p>\n<p>A vacina fabricada pela Johnson &amp; Johnson \u00e9 aplicada em apenas uma dose e tem efic\u00e1cia global de 72%. J\u00e1 a prote\u00e7\u00e3o contra casos graves da doen\u00e7a \u00e9 de 85%, segundo estudo realizado em janeiro deste ano.<\/p>\n<p><strong>PIAU\u00cd<\/strong><\/p>\n<p>Hoje a&nbsp; Secretaria Estadual de Sa\u00fade do Piau\u00ed confirmou ao Cidadeverde.com que o estado iria receber 44 mil doses da vacina da Janssen. As doses chegariam&nbsp; amanh\u00e3 ao Brasil.<\/p>\n","protected":false},"excerpt":{"rendered":"<p>A chegada ao Brasil de 3 milh\u00f5es de doses de vacinas da Janssen, prevista para ocorrer nesta ter\u00e7a-feira (15), foi adiada. A informa\u00e7\u00e3o foi confirmada pelo Minist\u00e9rio da Sa\u00fade. Em&#8230;<\/p>\n","protected":false},"author":1,"featured_media":93673,"comment_status":"open","ping_status":"open","sticky":false,"template":"","format":"standard","meta":{"ngg_post_thumbnail":0,"footnotes":""},"categories":[243],"tags":[],"class_list":["post-94672","post","type-post","status-publish","format-standard","has-post-thumbnail","hentry","category-geral"],"views":80,"meta_data":{"thumb":"https:\/\/portalv1.com.br\/app\/wp-content\/uploads\/2021\/05\/vacina-1.jpg","imagem":{"fullsize":{"url":"https:\/\/portalv1.com.br\/app\/wp-content\/uploads\/2021\/05\/vacina-1.jpg","width":790,"height":601},"medium":{"url":"https:\/\/portalv1.com.br\/app\/wp-content\/uploads\/2021\/05\/vacina-1-300x228.jpg","width":300,"height":228},"large":{"url":"https:\/\/portalv1.com.br\/app\/wp-content\/uploads\/2021\/05\/vacina-1-640x487.jpg","width":640,"height":487},"thumbnail":{"url":"https:\/\/portalv1.com.br\/app\/wp-content\/uploads\/2021\/05\/vacina-1-100x100.jpg","width":100,"height":100},"medium_large":{"url":"https:\/\/portalv1.com.br\/app\/wp-content\/uploads\/2021\/05\/vacina-1-768x584.jpg","width":768,"height":584}},"data":{"simple":"14\/06\/2021","date_time":"14\/06\/2021 15:18:59","date":"h\u00e1 5 anos"},"chapeu":"Veja detalhes ","source":"m_destacada"},"_links":{"self":[{"href":"https:\/\/portalv1.com.br\/api\/wp\/v2\/posts\/94672","targetHints":{"allow":["GET"]}}],"collection":[{"href":"https:\/\/portalv1.com.br\/api\/wp\/v2\/posts"}],"about":[{"href":"https:\/\/portalv1.com.br\/api\/wp\/v2\/types\/post"}],"author":[{"embeddable":true,"href":"https:\/\/portalv1.com.br\/api\/wp\/v2\/users\/1"}],"replies":[{"embeddable":true,"href":"https:\/\/portalv1.com.br\/api\/wp\/v2\/comments?post=94672"}],"version-history":[{"count":0,"href":"https:\/\/portalv1.com.br\/api\/wp\/v2\/posts\/94672\/revisions"}],"wp:featuredmedia":[{"embeddable":true,"href":"https:\/\/portalv1.com.br\/api\/wp\/v2\/media\/93673"}],"wp:attachment":[{"href":"https:\/\/portalv1.com.br\/api\/wp\/v2\/media?parent=94672"}],"wp:term":[{"taxonomy":"category","embeddable":true,"href":"https:\/\/portalv1.com.br\/api\/wp\/v2\/categories?post=94672"},{"taxonomy":"post_tag","embeddable":true,"href":"https:\/\/portalv1.com.br\/api\/wp\/v2\/tags?post=94672"}],"curies":[{"name":"wp","href":"https:\/\/api.w.org\/{rel}","templated":true}]}}