{"id":9472,"date":"2011-07-20T23:48:22","date_gmt":"2011-07-21T02:48:22","guid":{"rendered":"https:\/\/portalv1.com.br\/?p=9472"},"modified":"2011-07-26T09:08:29","modified_gmt":"2011-07-26T12:08:29","slug":"vem-ai-a-traxx-motos-o-novo-empreendimento-do-grupo-alencar-fotos","status":"publish","type":"post","link":"https:\/\/portalv1.com.br\/vem-ai-a-traxx-motos-o-novo-empreendimento-do-grupo-alencar-fotos\/","title":{"rendered":"Traxx Motos, o novo empreendimento do Grupo Alencar. Fotos"},"content":{"rendered":"<figure id=\"attachment_9473\" aria-describedby=\"caption-attachment-9473\" style=\"width: 300px\" class=\"wp-caption alignright\"><a href=\"https:\/\/portalv1.com.br\/app\/wp-content\/uploads\/2011\/07\/traxx.jpg\"><img loading=\"lazy\" decoding=\"async\" class=\"size-full wp-image-9473\" title=\"traxx\" src=\"https:\/\/portalv1.com.br\/app\/wp-content\/uploads\/2011\/07\/traxx.jpg\" alt=\"\" width=\"300\" height=\"183\" \/><\/a><figcaption id=\"caption-attachment-9473\" class=\"wp-caption-text\">Vista das futuras instala\u00e7\u00f5es da Alencar Motos em Valen\u00e7a revendedor Traxx<\/figcaption><\/figure>\n<p>Os amantes da velocidade ir\u00e3o contar nos pr\u00f3ximos meses com mais uma op\u00e7\u00e3o na hora de adquirir motos em Valen\u00e7a do Piaui. Trata-se da concession\u00e1ria de moto Traxx (\u00c9 F\u00e1cil Ser Feliz), que chega a nossa cidade com o objetivo de conquistar todos os p\u00fablicos com um leque de op\u00e7\u00f5es em motocicletas que agregam tecnologia, pot\u00eancia, pre\u00e7os acess\u00edveis e a garantia da South China Industry Corporation Group, o maior fabricante de motocicletas do mundo.<\/p>\n<p>Entre as estrelas da Traxx, est\u00e1 a \u201cStar 50\u201d, uma moto que promete brilhar nas vendas pelo pre\u00e7o acess\u00edvel, menos de R$ 3.500 reais, com moto quatro tempos, semiautom\u00e1tica, partida el\u00e9trica, rodas de liga leve, dois anos de garantia e h\u00e1 08 anos a cinquentinha mais vendida do Brasil.<\/p>\n<p>A concession\u00e1ria ser\u00e1 mais um empreendimento do Grupo Alencar e as instala\u00e7\u00f5es da \u201cAlencar Motos\u201d ir\u00e1 funcionar na Rua Epaminondas Nogueira, xis com o Banco do Nordeste. Rubens Alencar presidente do grupo disse ao portalv1 que as instala\u00e7\u00f5es da Traxx Motos em Valen\u00e7a ser\u00e1 uma das mais modernas do estado. O pr\u00e9dio est\u00e1 sendo constru\u00eddo obedecendo o patrim\u00f4nio hist\u00f3rico e ao mesmo tempo esbanjando modernidade. \u201cSer\u00e1 o encontro harm\u00f4nico do velho com o moderno\u201d afirmou.<\/p>\n<p>Outra novidade que dever\u00e1 ser implantada ser\u00e1 no sistema de energia el\u00e9trica. A id\u00e9ia do empres\u00e1rio \u00e9 investir na capita\u00e7\u00e3o de energia solar obedecendo \u00e0s novas regras mundiais, que pedem mais investimentos das empresas em energias renov\u00e1veis. As obras est\u00e3o em andamentos e dentro de poucos meses a cidade poder\u00e1 contar com a concession\u00e1ria, que promete muita inova\u00e7\u00e3o e novos investimentos na cidade.<\/p>\n<p>Depois de contar com a baiana Ivete Sangalo, a Traxx assinou contrato com o craque Ronaldinho Gaucho. Veja as fotos da sede da Traxx em Valen\u00e7a e o v\u00eddeo do novo garoto propaganda da Traxx Motos.<\/p>\n<p>Futuras instala\u00e7\u00f5es da Alencar Motos em Valen\u00e7a revendedor Traxx<\/p>\n<p><div class=\"ngg-galleryoverview\" data-widget=\"Galeria\" data-props='{&quot;galeria&quot;:{&quot;gallery_id&quot;:571,&quot;total&quot;:9,&quot;max_page&quot;:1,&quot;page&quot;:1,&quot;images&quot;:[{&quot;pid&quot;:10041,&quot;imageURL&quot;:&quot;https:\\\/\\\/portalv1.com.br\\\/app\\\/wp-content\\\/gallery\\\/traxx\\\/traxx-50.jpg?t=1704447992&quot;,&quot;thumbnailURL&quot;:&quot;https:\\\/\\\/portalv1.com.br\\\/app\\\/wp-content\\\/gallery\\\/traxx\\\/thumbs\\\/thumbs_traxx-50.jpg?t=1704447992&quot;,&quot;description&quot;:&quot; &quot;,&quot;alttext&quot;:&quot;traxx-50&quot;,&quot;style&quot;:&quot;&quot;},{&quot;pid&quot;:10042,&quot;imageURL&quot;:&quot;https:\\\/\\\/portalv1.com.br\\\/app\\\/wp-content\\\/gallery\\\/traxx\\\/v-01traxx-logo.jpg?t=1704443313&quot;,&quot;thumbnailURL&quot;:&quot;https:\\\/\\\/portalv1.com.br\\\/app\\\/wp-content\\\/gallery\\\/traxx\\\/thumbs\\\/thumbs_v-01traxx-logo.jpg?t=1704443313&quot;,&quot;description&quot;:&quot; &quot;,&quot;alttext&quot;:&quot;v-01traxx-logo&quot;,&quot;style&quot;:&quot;&quot;},{&quot;pid&quot;:10043,&quot;imageURL&quot;:&quot;https:\\\/\\\/portalv1.com.br\\\/app\\\/wp-content\\\/gallery\\\/traxx\\\/v-02traxx-logo.jpg?t=1704443341&quot;,&quot;thumbnailURL&quot;:&quot;https:\\\/\\\/portalv1.com.br\\\/app\\\/wp-content\\\/gallery\\\/traxx\\\/thumbs\\\/thumbs_v-02traxx-logo.jpg?t=1704443341&quot;,&quot;description&quot;:&quot; &quot;,&quot;alttext&quot;:&quot;v-02traxx-logo&quot;,&quot;style&quot;:&quot;&quot;},{&quot;pid&quot;:10044,&quot;imageURL&quot;:&quot;https:\\\/\\\/portalv1.com.br\\\/app\\\/wp-content\\\/gallery\\\/traxx\\\/v-03traxx-logo.jpg?t=1704443285&quot;,&quot;thumbnailURL&quot;:&quot;https:\\\/\\\/portalv1.com.br\\\/app\\\/wp-content\\\/gallery\\\/traxx\\\/thumbs\\\/thumbs_v-03traxx-logo.jpg?t=1704443285&quot;,&quot;description&quot;:&quot; &quot;,&quot;alttext&quot;:&quot;v-03traxx-logo&quot;,&quot;style&quot;:&quot;&quot;},{&quot;pid&quot;:10045,&quot;imageURL&quot;:&quot;https:\\\/\\\/portalv1.com.br\\\/app\\\/wp-content\\\/gallery\\\/traxx\\\/v-04traxx-logo.jpg?t=1704443259&quot;,&quot;thumbnailURL&quot;:&quot;https:\\\/\\\/portalv1.com.br\\\/app\\\/wp-content\\\/gallery\\\/traxx\\\/thumbs\\\/thumbs_v-04traxx-logo.jpg?t=1704443259&quot;,&quot;description&quot;:&quot; &quot;,&quot;alttext&quot;:&quot;v-04traxx-logo&quot;,&quot;style&quot;:&quot;&quot;},{&quot;pid&quot;:10046,&quot;imageURL&quot;:&quot;https:\\\/\\\/portalv1.com.br\\\/app\\\/wp-content\\\/gallery\\\/traxx\\\/v-05traxx-logo.jpg?t=1704444678&quot;,&quot;thumbnailURL&quot;:&quot;https:\\\/\\\/portalv1.com.br\\\/app\\\/wp-content\\\/gallery\\\/traxx\\\/thumbs\\\/thumbs_v-05traxx-logo.jpg?t=1704444678&quot;,&quot;description&quot;:&quot; &quot;,&quot;alttext&quot;:&quot;v-05traxx-logo&quot;,&quot;style&quot;:&quot;&quot;},{&quot;pid&quot;:10047,&quot;imageURL&quot;:&quot;https:\\\/\\\/portalv1.com.br\\\/app\\\/wp-content\\\/gallery\\\/traxx\\\/v-06traxx-logo.jpg?t=1704444650&quot;,&quot;thumbnailURL&quot;:&quot;https:\\\/\\\/portalv1.com.br\\\/app\\\/wp-content\\\/gallery\\\/traxx\\\/thumbs\\\/thumbs_v-06traxx-logo.jpg?t=1704444650&quot;,&quot;description&quot;:&quot; &quot;,&quot;alttext&quot;:&quot;v-06traxx-logo&quot;,&quot;style&quot;:&quot;&quot;},{&quot;pid&quot;:10048,&quot;imageURL&quot;:&quot;https:\\\/\\\/portalv1.com.br\\\/app\\\/wp-content\\\/gallery\\\/traxx\\\/v-07traxx-logo.jpg?t=1704443245&quot;,&quot;thumbnailURL&quot;:&quot;https:\\\/\\\/portalv1.com.br\\\/app\\\/wp-content\\\/gallery\\\/traxx\\\/thumbs\\\/thumbs_v-07traxx-logo.jpg?t=1704443245&quot;,&quot;description&quot;:&quot; &quot;,&quot;alttext&quot;:&quot;v-07traxx-logo&quot;,&quot;style&quot;:&quot;&quot;},{&quot;pid&quot;:10049,&quot;imageURL&quot;:&quot;https:\\\/\\\/portalv1.com.br\\\/app\\\/wp-content\\\/gallery\\\/traxx\\\/v-08traxx-logo.jpg?t=1704441171&quot;,&quot;thumbnailURL&quot;:&quot;https:\\\/\\\/portalv1.com.br\\\/app\\\/wp-content\\\/gallery\\\/traxx\\\/thumbs\\\/thumbs_v-08traxx-logo.jpg?t=1704441171&quot;,&quot;description&quot;:&quot; &quot;,&quot;alttext&quot;:&quot;v-08traxx-logo&quot;,&quot;style&quot;:&quot;&quot;}]}}'><\/div>.<\/p>\n<p>V\u00eddeo de Ronaldinho Gaucho novo garoto propaganda da Traxx motos<\/p>\n<p>&nbsp;<\/p>\n","protected":false},"excerpt":{"rendered":"<p>Os amantes da velocidade ir\u00e3o contar nos pr\u00f3ximos meses com mais uma op\u00e7\u00e3o na hora de adquirir motos em Valen\u00e7a do Piaui. Trata-se da concession\u00e1ria de moto Traxx (\u00c9 F\u00e1cil&#8230;<\/p>\n","protected":false},"author":1,"featured_media":0,"comment_status":"open","ping_status":"open","sticky":false,"template":"","format":"standard","meta":{"ngg_post_thumbnail":0,"footnotes":""},"categories":[12],"tags":[810],"class_list":["post-9472","post","type-post","status-publish","format-standard","hentry","category-valenca-news","tag-traxx"],"views":3176,"meta_data":{"thumb":"https:\/\/portalv1.com.br\/app\/wp-content\/uploads\/2011\/07\/traxx.jpg","data":{"simple":"20\/07\/2011","date_time":"20\/07\/2011 20:48:22","date":"h\u00e1 15 anos"},"chapeu":"","source":""},"_links":{"self":[{"href":"https:\/\/portalv1.com.br\/api\/wp\/v2\/posts\/9472","targetHints":{"allow":["GET"]}}],"collection":[{"href":"https:\/\/portalv1.com.br\/api\/wp\/v2\/posts"}],"about":[{"href":"https:\/\/portalv1.com.br\/api\/wp\/v2\/types\/post"}],"author":[{"embeddable":true,"href":"https:\/\/portalv1.com.br\/api\/wp\/v2\/users\/1"}],"replies":[{"embeddable":true,"href":"https:\/\/portalv1.com.br\/api\/wp\/v2\/comments?post=9472"}],"version-history":[{"count":0,"href":"https:\/\/portalv1.com.br\/api\/wp\/v2\/posts\/9472\/revisions"}],"wp:attachment":[{"href":"https:\/\/portalv1.com.br\/api\/wp\/v2\/media?parent=9472"}],"wp:term":[{"taxonomy":"category","embeddable":true,"href":"https:\/\/portalv1.com.br\/api\/wp\/v2\/categories?post=9472"},{"taxonomy":"post_tag","embeddable":true,"href":"https:\/\/portalv1.com.br\/api\/wp\/v2\/tags?post=9472"}],"curies":[{"name":"wp","href":"https:\/\/api.w.org\/{rel}","templated":true}]}}