{"id":95880,"date":"2021-07-15T14:15:28","date_gmt":"2021-07-15T17:15:28","guid":{"rendered":"https:\/\/portalv1.com.br\/?p=95880"},"modified":"2021-07-15T14:15:28","modified_gmt":"2021-07-15T17:15:28","slug":"turismo-na-barragem-mesa-de-pedra-ganhara-reforco-do-pro-piaui-afirma-marllos-sampaio","status":"publish","type":"post","link":"https:\/\/portalv1.com.br\/turismo-na-barragem-mesa-de-pedra-ganhara-reforco-do-pro-piaui-afirma-marllos-sampaio\/","title":{"rendered":"Turismo na barragem Mesa de Pedra ganhar\u00e1 refor\u00e7o do PRO Piau\u00ed, afirma Marllos Sampaio"},"content":{"rendered":"<p><a href=\"https:\/\/portalv1.com.br\/app\/wp-content\/uploads\/2021\/07\/WhatsApp-Image-2021-07-15-at-13.57.35-1.jpeg\"><img loading=\"lazy\" decoding=\"async\" class=\"aligncenter size-large wp-image-95881\" src=\"https:\/\/portalv1.com.br\/app\/wp-content\/uploads\/2021\/07\/WhatsApp-Image-2021-07-15-at-13.57.35-1-640x480.jpeg\" alt=\"\" width=\"600\" height=\"450\" srcset=\"https:\/\/portalv1.com.br\/app\/wp-content\/uploads\/2021\/07\/WhatsApp-Image-2021-07-15-at-13.57.35-1-640x480.jpeg 640w, https:\/\/portalv1.com.br\/app\/wp-content\/uploads\/2021\/07\/WhatsApp-Image-2021-07-15-at-13.57.35-1-300x225.jpeg 300w, https:\/\/portalv1.com.br\/app\/wp-content\/uploads\/2021\/07\/WhatsApp-Image-2021-07-15-at-13.57.35-1-768x576.jpeg 768w, https:\/\/portalv1.com.br\/app\/wp-content\/uploads\/2021\/07\/WhatsApp-Image-2021-07-15-at-13.57.35-1.jpeg 1280w\" sizes=\"auto, (max-width: 600px) 100vw, 600px\" \/><\/a>O Diretor-Geral do IDEPI, Leonardo Sobral, reuniu-se, na manh\u00e3 desta quinta-feira (15), com o presidente do MDB municipal e ex-deputado federal, Marllos Sampaio, para tratar sobre a inclus\u00e3o no PRO Piau\u00ed de uma obra de pavimenta\u00e7\u00e3o asf\u00e1ltica no trecho que liga a BR-316 \u00e0 barragem Mesa de Pedra, no munic\u00edpio de Valen\u00e7a.<\/p>\n<p>O trecho, explica Marllos Sampaio, tem aproximadamente 6 km de extens\u00e3o e, uma vez asfaltado, vai beneficiar a cidade de Valen\u00e7a e todas as cidades que formam o Vale do Sambito, atualmente com 15 munic\u00edpios, dentre eles, Elesb\u00e3o Veloso, Inhuma, Novo Oriente, Barra D\u00b4Alc\u00e2ntara, V\u00e1rzea Grande, Santa Cruz dos Milagres.<\/p>\n<p>\u201cEstou certo da import\u00e2ncia desta obra para a regi\u00e3o, tanto para impulsionamento do turismo que j\u00e1 acontece por causa da barragem e das belezas naturais da regi\u00e3o quanto para a economia, uma vez que muitas fam\u00edlias residem pr\u00f3ximo e sobrevivem da agricultura e da visita de turistas\u201d, destaca Marllos Sampaio.<\/p>\n<p>Para o diretor-geral do IDEPI, Leonardo Sobral, obras desta natureza, que t\u00eam por objetivo explorar as potencialidades locais s\u00e3o sempre importantes por abranger v\u00e1rias frentes, sendo estas uma das prioridades do PRO Piau\u00ed Munic\u00edpios.<\/p>\n<figure id=\"attachment_95882\" aria-describedby=\"caption-attachment-95882\" style=\"width: 600px\" class=\"wp-caption aligncenter\"><a href=\"https:\/\/portalv1.com.br\/app\/wp-content\/uploads\/2021\/07\/marllos.jpg\"><img loading=\"lazy\" decoding=\"async\" class=\"wp-image-95882 size-large\" src=\"https:\/\/portalv1.com.br\/app\/wp-content\/uploads\/2021\/07\/marllos-640x360.jpg\" alt=\"\" width=\"600\" height=\"338\" srcset=\"https:\/\/portalv1.com.br\/app\/wp-content\/uploads\/2021\/07\/marllos-640x360.jpg 640w, https:\/\/portalv1.com.br\/app\/wp-content\/uploads\/2021\/07\/marllos-300x169.jpg 300w, https:\/\/portalv1.com.br\/app\/wp-content\/uploads\/2021\/07\/marllos-768x432.jpg 768w, https:\/\/portalv1.com.br\/app\/wp-content\/uploads\/2021\/07\/marllos.jpg 1280w\" sizes=\"auto, (max-width: 600px) 100vw, 600px\" \/><\/a><figcaption id=\"caption-attachment-95882\" class=\"wp-caption-text\">Wellington Dias, Marllos Sampaio e Tem\u00edstocles Filho<\/figcaption><\/figure>\n<p>\u201cQuando investimos em turismo estamos contribuindo para o fortalecimento da economia local, oportunizando a gera\u00e7\u00e3o de emprego e renda, estimulando a criatividade e a presta\u00e7\u00e3o de servi\u00e7os, promovendo a inclus\u00e3o social, enfim, estamos transformando a sociedade para melhor e este \u00e9 um dos principais objetivos do PRO Piau\u00ed Munic\u00edpios\u201d, destaca o gestor.<\/p>\n<p>De acordo com Marllos Sampaio, que esteve reunido nesta quarta-feira (14) com o governador Wellington Dias, o pr\u00f3ximo passo \u00e9 a elabora\u00e7\u00e3o do projeto da obra para que seja levado ao Secret\u00e1rio Fazenda e Coordenador Pro Piau\u00ed, Rafael Fonteles.<\/p>\n","protected":false},"excerpt":{"rendered":"<p>O Diretor-Geral do IDEPI, Leonardo Sobral, reuniu-se, na manh\u00e3 desta quinta-feira (15), com o presidente do MDB municipal e ex-deputado federal, Marllos Sampaio, para tratar sobre a inclus\u00e3o no PRO&#8230;<\/p>\n","protected":false},"author":1,"featured_media":95881,"comment_status":"open","ping_status":"open","sticky":false,"template":"","format":"standard","meta":{"ngg_post_thumbnail":0,"footnotes":""},"categories":[243],"tags":[],"class_list":["post-95880","post","type-post","status-publish","format-standard","has-post-thumbnail","hentry","category-geral"],"views":486,"meta_data":{"thumb":"https:\/\/portalv1.com.br\/app\/wp-content\/uploads\/2021\/07\/WhatsApp-Image-2021-07-15-at-13.57.35-1.jpeg","imagem":{"fullsize":{"url":"https:\/\/portalv1.com.br\/app\/wp-content\/uploads\/2021\/07\/WhatsApp-Image-2021-07-15-at-13.57.35-1.jpeg","width":1280,"height":960},"medium":{"url":"https:\/\/portalv1.com.br\/app\/wp-content\/uploads\/2021\/07\/WhatsApp-Image-2021-07-15-at-13.57.35-1-300x225.jpeg","width":300,"height":225},"large":{"url":"https:\/\/portalv1.com.br\/app\/wp-content\/uploads\/2021\/07\/WhatsApp-Image-2021-07-15-at-13.57.35-1-640x480.jpeg","width":640,"height":480},"thumbnail":{"url":"https:\/\/portalv1.com.br\/app\/wp-content\/uploads\/2021\/07\/WhatsApp-Image-2021-07-15-at-13.57.35-1-100x100.jpeg","width":100,"height":100},"medium_large":{"url":"https:\/\/portalv1.com.br\/app\/wp-content\/uploads\/2021\/07\/WhatsApp-Image-2021-07-15-at-13.57.35-1-768x576.jpeg","width":768,"height":576}},"data":{"simple":"15\/07\/2021","date_time":"15\/07\/2021 11:15:28","date":"h\u00e1 5 anos"},"chapeu":"Veja detalhes ","source":"slide"},"_links":{"self":[{"href":"https:\/\/portalv1.com.br\/api\/wp\/v2\/posts\/95880","targetHints":{"allow":["GET"]}}],"collection":[{"href":"https:\/\/portalv1.com.br\/api\/wp\/v2\/posts"}],"about":[{"href":"https:\/\/portalv1.com.br\/api\/wp\/v2\/types\/post"}],"author":[{"embeddable":true,"href":"https:\/\/portalv1.com.br\/api\/wp\/v2\/users\/1"}],"replies":[{"embeddable":true,"href":"https:\/\/portalv1.com.br\/api\/wp\/v2\/comments?post=95880"}],"version-history":[{"count":0,"href":"https:\/\/portalv1.com.br\/api\/wp\/v2\/posts\/95880\/revisions"}],"wp:featuredmedia":[{"embeddable":true,"href":"https:\/\/portalv1.com.br\/api\/wp\/v2\/media\/95881"}],"wp:attachment":[{"href":"https:\/\/portalv1.com.br\/api\/wp\/v2\/media?parent=95880"}],"wp:term":[{"taxonomy":"category","embeddable":true,"href":"https:\/\/portalv1.com.br\/api\/wp\/v2\/categories?post=95880"},{"taxonomy":"post_tag","embeddable":true,"href":"https:\/\/portalv1.com.br\/api\/wp\/v2\/tags?post=95880"}],"curies":[{"name":"wp","href":"https:\/\/api.w.org\/{rel}","templated":true}]}}