{"id":9597,"date":"2011-08-01T09:02:54","date_gmt":"2011-08-01T12:02:54","guid":{"rendered":"https:\/\/portalv1.com.br\/?p=9597"},"modified":"2011-08-02T22:35:16","modified_gmt":"2011-08-03T01:35:16","slug":"internauta-denuncia-aliciamento-sexual-contra-menores-valencianos","status":"publish","type":"post","link":"https:\/\/portalv1.com.br\/internauta-denuncia-aliciamento-sexual-contra-menores-valencianos\/","title":{"rendered":"Internauta denuncia aliciamento sexual contra menores valencianos"},"content":{"rendered":"<p><a href=\"https:\/\/portalv1.com.br\/app\/wp-content\/uploads\/2011\/08\/abuso.jpg\"><img loading=\"lazy\" decoding=\"async\" class=\"alignright size-full wp-image-9598\" title=\"abuso\" src=\"https:\/\/portalv1.com.br\/app\/wp-content\/uploads\/2011\/08\/abuso.jpg\" alt=\"\" width=\"300\" height=\"183\" \/><\/a>O portalv1 reproduz email de internauta que denuncia o assedio sexual contra nossos jovens. No emaill ele denuncia o aliciamento de nossos jovens que por falta de condi\u00e7\u00f5es financeiras s\u00e3o aliciados por pessoas em festas e no dia a dia. Veja o email enviado \u00e0 reda\u00e7\u00e3o do portalv1.<\/p>\n<p><strong>DEN\u00daCIA GRAVE!!!!!!<\/strong><br \/>\nEu vi no \u00faltimo show do dia 29 de julho uma verdadeira festa da prostitui\u00e7\u00e3o de nossos jovens, adolescentes. O que mais me chamou a aten\u00e7\u00e3o \u00e9 que os aliciadores n\u00e3o tinham a cara de pau de fazer seus crimes a vista de quem quiser ver, como cidad\u00e3o que sou n\u00e3o posso me calar. O aliciamento come\u00e7ava na entrada.<\/p>\n<p>As ditas celebridades do meio radiof\u00f4nico de Valen\u00e7a e Lagoa do S\u00edtio estavam comprando ingressos para os menores em troca de sexo. Tinha radialista que estava rodeado de menores dentro do show bebendo a torto ia [sic] direita. Eu vou levar essa denuncia a s\u00e9rio e da pr\u00f3xima vez vou gravar tudo e v\u00e3o pagar caro pelo crime que acometem[sic] com nossos jovens. N\u00e3o \u00e9 de hoje que essas pr\u00e1ticas v\u00eam ocorrendo e ningu\u00e9m toma uma providencia.<\/p>\n<p>Cad\u00ea o Conselho Tutelar? Isso era papel do conselho investigar e punir os culpados. Eu tenho a lista completa dos aliciadores, sei quem s\u00e3o a maioria dos jovens, tem muitos que vem de cidades vizinhas como Pimenteiras, Elesb\u00e3o Veloso, enfim de toda a regi\u00e3o. Pra tirar a d\u00favida \u00e9 s\u00f3 seguir observar bem as figuras do meio radiof\u00f4nico. Prostitui\u00e7\u00e3o Infanto-juvenil \u00e9 crime, e quem a pratica tem que ser punido no rigor da lei.<\/p>\n","protected":false},"excerpt":{"rendered":"<p>O portalv1 reproduz email de internauta que denuncia o assedio sexual contra nossos jovens. No emaill ele denuncia o aliciamento de nossos jovens que por falta de condi\u00e7\u00f5es financeiras s\u00e3o&#8230;<\/p>\n","protected":false},"author":1,"featured_media":0,"comment_status":"open","ping_status":"open","sticky":false,"template":"","format":"standard","meta":{"ngg_post_thumbnail":0,"footnotes":""},"categories":[12],"tags":[],"class_list":["post-9597","post","type-post","status-publish","format-standard","hentry","category-valenca-news"],"views":2228,"meta_data":{"thumb":"https:\/\/portalv1.com.br\/app\/wp-content\/uploads\/2011\/08\/abuso.jpg","data":{"simple":"01\/08\/2011","date_time":"01\/08\/2011 06:02:54","date":"h\u00e1 15 anos"},"chapeu":"","source":""},"_links":{"self":[{"href":"https:\/\/portalv1.com.br\/api\/wp\/v2\/posts\/9597","targetHints":{"allow":["GET"]}}],"collection":[{"href":"https:\/\/portalv1.com.br\/api\/wp\/v2\/posts"}],"about":[{"href":"https:\/\/portalv1.com.br\/api\/wp\/v2\/types\/post"}],"author":[{"embeddable":true,"href":"https:\/\/portalv1.com.br\/api\/wp\/v2\/users\/1"}],"replies":[{"embeddable":true,"href":"https:\/\/portalv1.com.br\/api\/wp\/v2\/comments?post=9597"}],"version-history":[{"count":0,"href":"https:\/\/portalv1.com.br\/api\/wp\/v2\/posts\/9597\/revisions"}],"wp:attachment":[{"href":"https:\/\/portalv1.com.br\/api\/wp\/v2\/media?parent=9597"}],"wp:term":[{"taxonomy":"category","embeddable":true,"href":"https:\/\/portalv1.com.br\/api\/wp\/v2\/categories?post=9597"},{"taxonomy":"post_tag","embeddable":true,"href":"https:\/\/portalv1.com.br\/api\/wp\/v2\/tags?post=9597"}],"curies":[{"name":"wp","href":"https:\/\/api.w.org\/{rel}","templated":true}]}}