{"id":96177,"date":"2021-07-24T10:28:17","date_gmt":"2021-07-24T13:28:17","guid":{"rendered":"https:\/\/portalv1.com.br\/?p=96177"},"modified":"2021-07-24T10:28:17","modified_gmt":"2021-07-24T13:28:17","slug":"forca-tatica-prende-suspeito-de-trafico-de-drogas-em-valenca-3","status":"publish","type":"post","link":"https:\/\/portalv1.com.br\/forca-tatica-prende-suspeito-de-trafico-de-drogas-em-valenca-3\/","title":{"rendered":"For\u00e7a T\u00e1tica prende suspeito de tr\u00e1fico de drogas em Valen\u00e7a"},"content":{"rendered":"<p>Equipes de Motopatrulhamento da For\u00e7a T\u00e1tica de Valen\u00e7a prenderam em flagrante na noite desta sexta-feira (23), D.M.S, suspeito de tr\u00e1fico de entorpecentes na cidade de Valen\u00e7a.<\/p>\n<p>O indiv\u00edduo foi abordado no Residencial Raul Alencar, ap\u00f3s acompanhamento sistem\u00e1tico de alvos realizado pelos taticanos, cujo objetivo se concentra em pessoas j\u00e1 presas, condenadas ou n\u00e3o e que, constantemente podem a vir delinquir.<\/p>\n<p>D.N.M j\u00e1 havia sido preso pela For\u00e7a T\u00e1tica com arma, muni\u00e7\u00f5es e entorpecentes. Na abordagem, o mesmo foi encontrado com por\u00e7\u00f5es de maconha e crack.<\/p>\n<p>O infrator tentou se desfazer do il\u00edcito, por\u00e9m sem sucesso. A equipe realizou a condu\u00e7\u00e3o e apresenta\u00e7\u00e3o do mesmo at\u00e9 a delegacia regional de Valen\u00e7a para autua\u00e7\u00e3o por crime previsto na Lei de Drogas.<\/p>\n<p><a href=\"https:\/\/portalv1.com.br\/app\/wp-content\/uploads\/2021\/07\/forca-tatica.jpg\"><img loading=\"lazy\" decoding=\"async\" class=\"aligncenter size-large wp-image-96178\" src=\"https:\/\/portalv1.com.br\/app\/wp-content\/uploads\/2021\/07\/forca-tatica-640x726.jpg\" alt=\"\" width=\"600\" height=\"681\" srcset=\"https:\/\/portalv1.com.br\/app\/wp-content\/uploads\/2021\/07\/forca-tatica-640x726.jpg 640w, https:\/\/portalv1.com.br\/app\/wp-content\/uploads\/2021\/07\/forca-tatica-300x340.jpg 300w, https:\/\/portalv1.com.br\/app\/wp-content\/uploads\/2021\/07\/forca-tatica-768x872.jpg 768w, https:\/\/portalv1.com.br\/app\/wp-content\/uploads\/2021\/07\/forca-tatica.jpg 867w\" sizes=\"auto, (max-width: 600px) 100vw, 600px\" \/><\/a><\/p>\n","protected":false},"excerpt":{"rendered":"<p>Equipes de Motopatrulhamento da For\u00e7a T\u00e1tica de Valen\u00e7a prenderam em flagrante na noite desta sexta-feira (23), D.M.S, suspeito de tr\u00e1fico de entorpecentes na cidade de Valen\u00e7a. O indiv\u00edduo foi abordado&#8230;<\/p>\n","protected":false},"author":1,"featured_media":96178,"comment_status":"open","ping_status":"open","sticky":false,"template":"","format":"standard","meta":{"ngg_post_thumbnail":0,"footnotes":""},"categories":[243],"tags":[],"class_list":["post-96177","post","type-post","status-publish","format-standard","has-post-thumbnail","hentry","category-geral"],"views":1139,"meta_data":{"thumb":"https:\/\/portalv1.com.br\/app\/wp-content\/uploads\/2021\/07\/forca-tatica.jpg","imagem":{"fullsize":{"url":"https:\/\/portalv1.com.br\/app\/wp-content\/uploads\/2021\/07\/forca-tatica.jpg","width":867,"height":984},"medium":{"url":"https:\/\/portalv1.com.br\/app\/wp-content\/uploads\/2021\/07\/forca-tatica-300x340.jpg","width":300,"height":340},"large":{"url":"https:\/\/portalv1.com.br\/app\/wp-content\/uploads\/2021\/07\/forca-tatica-640x726.jpg","width":640,"height":726},"thumbnail":{"url":"https:\/\/portalv1.com.br\/app\/wp-content\/uploads\/2021\/07\/forca-tatica-100x100.jpg","width":100,"height":100},"medium_large":{"url":"https:\/\/portalv1.com.br\/app\/wp-content\/uploads\/2021\/07\/forca-tatica-768x872.jpg","width":768,"height":872}},"data":{"simple":"24\/07\/2021","date_time":"24\/07\/2021 07:28:17","date":"h\u00e1 5 anos"},"chapeu":"Residencial Raul Alencar","source":"slide"},"_links":{"self":[{"href":"https:\/\/portalv1.com.br\/api\/wp\/v2\/posts\/96177","targetHints":{"allow":["GET"]}}],"collection":[{"href":"https:\/\/portalv1.com.br\/api\/wp\/v2\/posts"}],"about":[{"href":"https:\/\/portalv1.com.br\/api\/wp\/v2\/types\/post"}],"author":[{"embeddable":true,"href":"https:\/\/portalv1.com.br\/api\/wp\/v2\/users\/1"}],"replies":[{"embeddable":true,"href":"https:\/\/portalv1.com.br\/api\/wp\/v2\/comments?post=96177"}],"version-history":[{"count":0,"href":"https:\/\/portalv1.com.br\/api\/wp\/v2\/posts\/96177\/revisions"}],"wp:featuredmedia":[{"embeddable":true,"href":"https:\/\/portalv1.com.br\/api\/wp\/v2\/media\/96178"}],"wp:attachment":[{"href":"https:\/\/portalv1.com.br\/api\/wp\/v2\/media?parent=96177"}],"wp:term":[{"taxonomy":"category","embeddable":true,"href":"https:\/\/portalv1.com.br\/api\/wp\/v2\/categories?post=96177"},{"taxonomy":"post_tag","embeddable":true,"href":"https:\/\/portalv1.com.br\/api\/wp\/v2\/tags?post=96177"}],"curies":[{"name":"wp","href":"https:\/\/api.w.org\/{rel}","templated":true}]}}