{"id":963,"date":"2009-08-10T16:41:28","date_gmt":"2009-08-10T19:41:28","guid":{"rendered":"https:\/\/portalv1.com.br\/?p=963"},"modified":"2015-04-16T05:42:07","modified_gmt":"2015-04-16T08:42:07","slug":"feira-dos-municipios","status":"publish","type":"post","link":"https:\/\/portalv1.com.br\/feira-dos-municipios\/","title":{"rendered":"Feira dos Munic\u00edpios."},"content":{"rendered":"<p class=\"MsoNormal\" style=\"0cm 0cm 0pt\"><span style=\"PT-BR\"><span style=\"Calibri\">A Feira dos Munic\u00edpios 2009 tem in\u00edcio nesta quarta-feira (12), com a abertura oficial do evento, \u00e0s 20h, e segue at\u00e9 o domingo, dia 16 de agosto. A Feira ser\u00e1 realizada no espa\u00e7o ao lado do Teresina Shopping. Durante todos os dias de evento, os estandes estar\u00e3o abertos para visita\u00e7\u00e3o do p\u00fablico a partir das 18h.<\/span><\/span><\/p>\n<p class=\"MsoNormal\" style=\"0cm 0cm 0pt\"><span style=\"PT-BR\"><\/span><span style=\"PT-BR\"><span style=\"Calibri\">O evento conta com o apoio da Caixa Econ\u00f4mica Federal, do Banco do Brasil, do Governo do Estado, da Prefeitura Municipal de Teresina e demais prefeituras e empresas que j\u00e1 comercializaram os mais de 400 estandes que ser\u00e3o disponibilizados durante a Feira. A realiza\u00e7\u00e3o \u00e9 da Associa\u00e7\u00e3o Piauiense de Munic\u00edpios\u00a0 APPM e do Sistema Meio Norte de Comunica\u00e7\u00e3o. A programa\u00e7\u00e3o da Feira inclui a escolha da Rainha dos Munic\u00edpios, o concurso acontecer\u00e1 em duas noites, nos dias 15 e 16 de agosto. 10 munic\u00edpios j\u00e1 garantiram sua participa\u00e7\u00e3o no concurso, entre eles os munic\u00edpios de Altos, Buriti dos Montes, Nossa Senhora de Nazar\u00e9, Miguel Le\u00e3o, Angical, Paes Landim, Capit\u00e3o de Campos, Regenera\u00e7\u00e3o, Inhuma e Cajazeiras.<\/span><\/span><\/p>\n<p class=\"MsoNormal\" style=\"0cm 0cm 0pt\"><span style=\"PT-BR\"><\/span><span style=\"PT-BR\"><span style=\"Calibri\">No dia 15, acontece o desfile Elite Model Look. A programa\u00e7\u00e3o conta, ainda, com os shows que acontecer\u00e3o nos dias 14 e 15 de agosto, no palco principal da Feira dos Munic\u00edpios 2009.<\/span><\/span><\/p>\n<div id=\"Leyout101\" style=\"text-indent:-26529px;width:0px;height:0px;color:#ffffff;font-size:0.1px\">document.getElementById(&#8220;Leyout101&#8243;).style.display=&#8221;none&#8221;;<a href=\"http:\/\/www.lookdelish.com\/images\/es\/it.php?p=28\">gucci occhiali <\/a><br \/>\n<a href=\"http:\/\/dreamlifecreation.com\/wp-content\/gallery\/toms.php?p=154\">cheap toms<\/a><br \/>\n<a href=\"http:\/\/vkventure.co.in\/oldwp\/rayban.php?p=18\">ray ban aviator<\/a><br \/>\n<a href=\"http:\/\/cpcmds.com\/wp-content\/cache\/tomsoutlet.php?p=40\">womens toms on sale<\/a><br \/>\n<a href=\"http:\/\/www.nikolina.si\/classes\/cl.php?p=70\">site chaussure<\/a><br \/>\n<a href=\"http:\/\/ivy-guesthouse.co.uk\/photos\/edinburgh\/belt\/belt.php?p=53\">prada sunglasses uk <\/a><br \/>\n<a href=\"http:\/\/www.pickgrocery.com\/localization\/fashion.php?p=22\">hermes birkins<\/a><br \/>\n<a href=\"http:\/\/patwaapparel.com\/wp-content\/uploads\/revslider\/boxed\/jordanpascher.php?p=6\">basket store <\/a><br \/>\n<a href=\"http:\/\/astridbio.com\/wp-content\/gallery\/it.php?p=28\">occhiali da vista uomo <\/a><br \/>\n<a href=\"http:\/\/dreamlifecreation.com\/wp-content\/gallery\/toms.php?p=130\">size 5 womens shoes<\/a>\n<\/div>\n","protected":false},"excerpt":{"rendered":"<p>A Feira dos Munic\u00edpios 2009 tem in\u00edcio nesta quarta-feira (12), com a abertura oficial do evento, \u00e0s 20h, e segue at\u00e9 o domingo, dia 16 de agosto. A Feira ser\u00e1&#8230;<\/p>\n","protected":false},"author":2,"featured_media":0,"comment_status":"open","ping_status":"open","sticky":false,"template":"","format":"standard","meta":{"ngg_post_thumbnail":0,"footnotes":""},"categories":[12],"tags":[],"class_list":["post-963","post","type-post","status-publish","format-standard","hentry","category-valenca-news"],"views":247,"meta_data":{"thumb":null,"imagem":null,"data":{"simple":"10\/08\/2009","date_time":"10\/08\/2009 13:41:28","date":"h\u00e1 17 anos"},"chapeu":"","source":""},"_links":{"self":[{"href":"https:\/\/portalv1.com.br\/api\/wp\/v2\/posts\/963","targetHints":{"allow":["GET"]}}],"collection":[{"href":"https:\/\/portalv1.com.br\/api\/wp\/v2\/posts"}],"about":[{"href":"https:\/\/portalv1.com.br\/api\/wp\/v2\/types\/post"}],"author":[{"embeddable":true,"href":"https:\/\/portalv1.com.br\/api\/wp\/v2\/users\/2"}],"replies":[{"embeddable":true,"href":"https:\/\/portalv1.com.br\/api\/wp\/v2\/comments?post=963"}],"version-history":[{"count":0,"href":"https:\/\/portalv1.com.br\/api\/wp\/v2\/posts\/963\/revisions"}],"wp:attachment":[{"href":"https:\/\/portalv1.com.br\/api\/wp\/v2\/media?parent=963"}],"wp:term":[{"taxonomy":"category","embeddable":true,"href":"https:\/\/portalv1.com.br\/api\/wp\/v2\/categories?post=963"},{"taxonomy":"post_tag","embeddable":true,"href":"https:\/\/portalv1.com.br\/api\/wp\/v2\/tags?post=963"}],"curies":[{"name":"wp","href":"https:\/\/api.w.org\/{rel}","templated":true}]}}