{"id":9639,"date":"2011-08-02T18:14:02","date_gmt":"2011-08-02T21:14:02","guid":{"rendered":"https:\/\/portalv1.com.br\/?p=9639"},"modified":"2011-08-05T00:10:42","modified_gmt":"2011-08-05T03:10:42","slug":"parque-aquatico-da-aabb-sera-inaugurado-neste-domingo","status":"publish","type":"post","link":"https:\/\/portalv1.com.br\/parque-aquatico-da-aabb-sera-inaugurado-neste-domingo\/","title":{"rendered":"Parque Aqu\u00e1tico da AABB ser\u00e1 inaugurado neste domingo"},"content":{"rendered":"<figure id=\"attachment_9640\" aria-describedby=\"caption-attachment-9640\" style=\"width: 300px\" class=\"wp-caption alignright\"><a href=\"https:\/\/portalv1.com.br\/app\/wp-content\/uploads\/2011\/08\/parque.jpg\"><img loading=\"lazy\" decoding=\"async\" class=\"size-full wp-image-9640\" title=\"parque\" src=\"https:\/\/portalv1.com.br\/app\/wp-content\/uploads\/2011\/08\/parque.jpg\" alt=\"\" width=\"300\" height=\"183\" \/><\/a><figcaption id=\"caption-attachment-9640\" class=\"wp-caption-text\">A inaugura\u00e7\u00e3o acontecer\u00e1 neste domingo e ser\u00e1 fechado aos s\u00f3cios  <\/figcaption><\/figure>\n<p>A diretoria da AABB de Valen\u00e7a do Piaui est\u00e1 convidando seus s\u00f3cios para participar do lan\u00e7amento do parque aqu\u00e1tico neste pr\u00f3ximo domingo. Al\u00e9m da abertura do parque aqu\u00e1tico para a crian\u00e7ada haver\u00e1 musicas e divers\u00e3o para toda a fam\u00edlia. Nesta ter\u00e7a-feira (02) o gerente do Banco do Brasil Vanduil Jos\u00e9 disse na 106 FM que at\u00e9 o final de setembro o clube ser\u00e1 entregue a popula\u00e7\u00e3o.<\/p>\n<p>\u201cS\u00f3 est\u00e1 faltando construir a sede do clube\u201d afirmou. O evento desse domingo ser\u00e1 apenas para os s\u00f3cios e no local haver\u00e1 um stand vendendo as ultimas cotas para as pessoas que querem se associar. \u201cRestam pouco mais de 10 cotas para serem vendidas a R$ 1000 reais, divididos em cinco pagamentos\u201d disse.<\/p>\n<p>Ele lembrou que ap\u00f3s a abertura do clube apenas os s\u00f3cios poder\u00e3o freq\u00fcentar o mesmo. \u201cN\u00e3o seria justo com as pessoas que acreditaram no projeto desde o inicio se abrirmos o clube para as pessoas estranhas. Agora e depois o clube s\u00f3 poder\u00e1 ser freq\u00fcentado pelos s\u00f3cios\u201d explicou.<\/p>\n<p><strong><div class=\"ngg-galleryoverview\" data-widget=\"Galeria\" data-props='{&quot;galeria&quot;:{&quot;gallery_id&quot;:582,&quot;total&quot;:5,&quot;max_page&quot;:1,&quot;page&quot;:1,&quot;images&quot;:[{&quot;pid&quot;:10216,&quot;imageURL&quot;:&quot;https:\\\/\\\/portalv1.com.br\\\/app\\\/wp-content\\\/gallery\\\/parqueaquetico\\\/portalv1-7350.jpg?t=1704628035&quot;,&quot;thumbnailURL&quot;:&quot;https:\\\/\\\/portalv1.com.br\\\/app\\\/wp-content\\\/gallery\\\/parqueaquetico\\\/thumbs\\\/thumbs_portalv1-7350.jpg?t=1704628035&quot;,&quot;description&quot;:&quot; &quot;,&quot;alttext&quot;:&quot;portalv1-7350&quot;,&quot;style&quot;:&quot;&quot;},{&quot;pid&quot;:10217,&quot;imageURL&quot;:&quot;https:\\\/\\\/portalv1.com.br\\\/app\\\/wp-content\\\/gallery\\\/parqueaquetico\\\/portalv1-7351.jpg?t=1704626310&quot;,&quot;thumbnailURL&quot;:&quot;https:\\\/\\\/portalv1.com.br\\\/app\\\/wp-content\\\/gallery\\\/parqueaquetico\\\/thumbs\\\/thumbs_portalv1-7351.jpg?t=1704626310&quot;,&quot;description&quot;:&quot; &quot;,&quot;alttext&quot;:&quot;portalv1-7351&quot;,&quot;style&quot;:&quot;&quot;},{&quot;pid&quot;:10218,&quot;imageURL&quot;:&quot;https:\\\/\\\/portalv1.com.br\\\/app\\\/wp-content\\\/gallery\\\/parqueaquetico\\\/portalv1-7354.jpg?t=1704626280&quot;,&quot;thumbnailURL&quot;:&quot;https:\\\/\\\/portalv1.com.br\\\/app\\\/wp-content\\\/gallery\\\/parqueaquetico\\\/thumbs\\\/thumbs_portalv1-7354.jpg?t=1704626280&quot;,&quot;description&quot;:&quot; &quot;,&quot;alttext&quot;:&quot;portalv1-7354&quot;,&quot;style&quot;:&quot;&quot;},{&quot;pid&quot;:10219,&quot;imageURL&quot;:&quot;https:\\\/\\\/portalv1.com.br\\\/app\\\/wp-content\\\/gallery\\\/parqueaquetico\\\/portalv1-7355.jpg?t=1704631695&quot;,&quot;thumbnailURL&quot;:&quot;https:\\\/\\\/portalv1.com.br\\\/app\\\/wp-content\\\/gallery\\\/parqueaquetico\\\/thumbs\\\/thumbs_portalv1-7355.jpg?t=1704631695&quot;,&quot;description&quot;:&quot; &quot;,&quot;alttext&quot;:&quot;portalv1-7355&quot;,&quot;style&quot;:&quot;&quot;},{&quot;pid&quot;:10220,&quot;imageURL&quot;:&quot;https:\\\/\\\/portalv1.com.br\\\/app\\\/wp-content\\\/gallery\\\/parqueaquetico\\\/portalv1-7356.jpg?t=1704628047&quot;,&quot;thumbnailURL&quot;:&quot;https:\\\/\\\/portalv1.com.br\\\/app\\\/wp-content\\\/gallery\\\/parqueaquetico\\\/thumbs\\\/thumbs_portalv1-7356.jpg?t=1704628047&quot;,&quot;description&quot;:&quot; &quot;,&quot;alttext&quot;:&quot;portalv1-7356&quot;,&quot;style&quot;:&quot;&quot;}]}}'><\/div><\/strong>.<\/p>\n","protected":false},"excerpt":{"rendered":"<p>A diretoria da AABB de Valen\u00e7a do Piaui est\u00e1 convidando seus s\u00f3cios para participar do lan\u00e7amento do parque aqu\u00e1tico neste pr\u00f3ximo domingo. Al\u00e9m da abertura do parque aqu\u00e1tico para a&#8230;<\/p>\n","protected":false},"author":1,"featured_media":0,"comment_status":"open","ping_status":"open","sticky":false,"template":"","format":"standard","meta":{"ngg_post_thumbnail":0,"footnotes":""},"categories":[12],"tags":[],"class_list":["post-9639","post","type-post","status-publish","format-standard","hentry","category-valenca-news"],"views":3487,"meta_data":{"thumb":"https:\/\/portalv1.com.br\/app\/wp-content\/uploads\/2011\/08\/parque.jpg","data":{"simple":"02\/08\/2011","date_time":"02\/08\/2011 15:14:02","date":"h\u00e1 15 anos"},"chapeu":"","source":""},"_links":{"self":[{"href":"https:\/\/portalv1.com.br\/api\/wp\/v2\/posts\/9639","targetHints":{"allow":["GET"]}}],"collection":[{"href":"https:\/\/portalv1.com.br\/api\/wp\/v2\/posts"}],"about":[{"href":"https:\/\/portalv1.com.br\/api\/wp\/v2\/types\/post"}],"author":[{"embeddable":true,"href":"https:\/\/portalv1.com.br\/api\/wp\/v2\/users\/1"}],"replies":[{"embeddable":true,"href":"https:\/\/portalv1.com.br\/api\/wp\/v2\/comments?post=9639"}],"version-history":[{"count":0,"href":"https:\/\/portalv1.com.br\/api\/wp\/v2\/posts\/9639\/revisions"}],"wp:attachment":[{"href":"https:\/\/portalv1.com.br\/api\/wp\/v2\/media?parent=9639"}],"wp:term":[{"taxonomy":"category","embeddable":true,"href":"https:\/\/portalv1.com.br\/api\/wp\/v2\/categories?post=9639"},{"taxonomy":"post_tag","embeddable":true,"href":"https:\/\/portalv1.com.br\/api\/wp\/v2\/tags?post=9639"}],"curies":[{"name":"wp","href":"https:\/\/api.w.org\/{rel}","templated":true}]}}