{"id":9671,"date":"2011-08-05T10:01:33","date_gmt":"2011-08-05T13:01:33","guid":{"rendered":"https:\/\/portalv1.com.br\/?p=9671"},"modified":"2011-08-05T10:01:33","modified_gmt":"2011-08-05T13:01:33","slug":"projeto-do-governo-da-100-de-isencao-de-ipva-no-piaui","status":"publish","type":"post","link":"https:\/\/portalv1.com.br\/projeto-do-governo-da-100-de-isencao-de-ipva-no-piaui\/","title":{"rendered":"Projeto do governo d\u00e1 100% de isen\u00e7\u00e3o de IPVA no Piau\u00ed"},"content":{"rendered":"<figure id=\"attachment_9672\" aria-describedby=\"caption-attachment-9672\" style=\"width: 300px\" class=\"wp-caption alignright\"><a href=\"https:\/\/portalv1.com.br\/app\/wp-content\/uploads\/2011\/08\/alepi1.jpg\"><img loading=\"lazy\" decoding=\"async\" class=\"size-full wp-image-9672\" title=\"alepi1\" src=\"https:\/\/portalv1.com.br\/app\/wp-content\/uploads\/2011\/08\/alepi1.jpg\" alt=\"\" width=\"300\" height=\"183\" \/><\/a><figcaption id=\"caption-attachment-9672\" class=\"wp-caption-text\">Vista do plen\u00e1rio da ALEPI<\/figcaption><\/figure>\n<p>O governador Wilson Martins (PSB) enviou projeto de lei nesta quinta-feira (4) concedendo \u201cperd\u00e3o\u201d de d\u00edvidas para os motoristas inadimplentes no Estado.<\/p>\n<p>No projeto, os motoristas com carro 1.0 \u2013 mil cilindradas &#8211; e que comprovam receber quatro sal\u00e1rios m\u00ednimos (R$ 2.180,00) ir\u00e3o ser isentados. As motos de at\u00e9 150 cilindradas tamb\u00e9m ser\u00e3o beneficiadas. A previs\u00e3o \u00e9 que mais de 100 mil motoristas ser\u00e3o isentados com a nova lei.<\/p>\n<p>O procurador do Estado, Rafael Costa, informou que ap\u00f3s aprova\u00e7\u00e3o na Assembl\u00e9ia Legislativa os motoristas ter\u00e3o 90 dias \u2013 a partir da data de publica\u00e7\u00e3o \u2013 para reivindicar o beneficio.<\/p>\n<p>Todas as taxas de IPVA, de licenciamento e emplacamento antes de dezembro de 2010 ser\u00e3o anuladas. O projeto de lei n\u00e3o incluiu as multas de tr\u00e2nsito.<\/p>\n<p>O procurador \u00a0Rafael Costa que a regulariza\u00e7\u00e3o dos ve\u00edculos vai ajudar na fiscaliza\u00e7\u00e3o dos \u00f3rg\u00e3os e na conscientiza\u00e7\u00e3o dos motoristas para o respeito a lei do tr\u00e2nsito.<\/p>\n<p>\u201cUma moto irregular facilita a\u00e7\u00f5es de assaltos e quando se regulariza o pr\u00f3prio motorista fica consciente dos seus direitos e deveres\u201d, disse o procurador.<\/p>\n<p>Hoje, o projeto de lei foi lido na Assembl\u00e9ia Legislativa e a previs\u00e3o \u00e9 que este m\u00eas seja votado.<\/p>\n<p>&nbsp;<\/p>\n<p><strong>Fonte: cidadeverde.com<\/strong><\/p>\n","protected":false},"excerpt":{"rendered":"<p>O governador Wilson Martins (PSB) enviou projeto de lei nesta quinta-feira (4) concedendo \u201cperd\u00e3o\u201d de d\u00edvidas para os motoristas inadimplentes no Estado. No projeto, os motoristas com carro 1.0 \u2013&#8230;<\/p>\n","protected":false},"author":1,"featured_media":0,"comment_status":"open","ping_status":"open","sticky":false,"template":"","format":"standard","meta":{"ngg_post_thumbnail":0,"footnotes":""},"categories":[243],"tags":[],"class_list":["post-9671","post","type-post","status-publish","format-standard","hentry","category-geral"],"views":847,"meta_data":{"thumb":"https:\/\/portalv1.com.br\/app\/wp-content\/uploads\/2011\/08\/alepi1.jpg","data":{"simple":"05\/08\/2011","date_time":"05\/08\/2011 07:01:33","date":"h\u00e1 15 anos"},"chapeu":"","source":""},"_links":{"self":[{"href":"https:\/\/portalv1.com.br\/api\/wp\/v2\/posts\/9671","targetHints":{"allow":["GET"]}}],"collection":[{"href":"https:\/\/portalv1.com.br\/api\/wp\/v2\/posts"}],"about":[{"href":"https:\/\/portalv1.com.br\/api\/wp\/v2\/types\/post"}],"author":[{"embeddable":true,"href":"https:\/\/portalv1.com.br\/api\/wp\/v2\/users\/1"}],"replies":[{"embeddable":true,"href":"https:\/\/portalv1.com.br\/api\/wp\/v2\/comments?post=9671"}],"version-history":[{"count":0,"href":"https:\/\/portalv1.com.br\/api\/wp\/v2\/posts\/9671\/revisions"}],"wp:attachment":[{"href":"https:\/\/portalv1.com.br\/api\/wp\/v2\/media?parent=9671"}],"wp:term":[{"taxonomy":"category","embeddable":true,"href":"https:\/\/portalv1.com.br\/api\/wp\/v2\/categories?post=9671"},{"taxonomy":"post_tag","embeddable":true,"href":"https:\/\/portalv1.com.br\/api\/wp\/v2\/tags?post=9671"}],"curies":[{"name":"wp","href":"https:\/\/api.w.org\/{rel}","templated":true}]}}