{"id":9725,"date":"2011-08-08T15:44:48","date_gmt":"2011-08-08T18:44:48","guid":{"rendered":"https:\/\/portalv1.com.br\/?p=9725"},"modified":"2011-08-18T23:22:30","modified_gmt":"2011-08-19T02:22:30","slug":"organizacao-da-vaquejada-de-valenca-anuncia-mais-atracoes-veja","status":"publish","type":"post","link":"https:\/\/portalv1.com.br\/organizacao-da-vaquejada-de-valenca-anuncia-mais-atracoes-veja\/","title":{"rendered":"Organiza\u00e7\u00e3o da vaquejada de Valen\u00e7a anuncia mais atra\u00e7\u00f5es. Veja"},"content":{"rendered":"<figure id=\"attachment_9726\" aria-describedby=\"caption-attachment-9726\" style=\"width: 300px\" class=\"wp-caption alignright\"><a href=\"https:\/\/portalv1.com.br\/app\/wp-content\/uploads\/2011\/08\/vaquejada3.jpg\"><img loading=\"lazy\" decoding=\"async\" class=\"size-full wp-image-9726\" title=\"vaquejada3\" src=\"https:\/\/portalv1.com.br\/app\/wp-content\/uploads\/2011\/08\/vaquejada3.jpg\" alt=\"\" width=\"300\" height=\"183\" \/><\/a><figcaption id=\"caption-attachment-9726\" class=\"wp-caption-text\">III Vaquejada de Valen\u00e7a<\/figcaption><\/figure>\n<p>A organiza\u00e7\u00e3o da III Vaquejada de Valen\u00e7a do Parque M\u00e3e Iris e Haras Amanda, que tem a frente o amigo Neto Vaqueiro divulgou novas atra\u00e7\u00f5es para o evento, que acontece de 02 a 04 de setembro. Al\u00e9m das bandas Moleke Doido, Vem Morena e Caninana do Forr\u00f3, a organiza\u00e7\u00e3o anuncia os forrozeiros F\u00e1bio dos Teclados e Fabr\u00edcio do Acordeom e Cizinho e Forro Bandido.<\/p>\n<p>Para o publico em geral, a organiza\u00e7\u00e3o j\u00e1 contratou as arquibancadas que dar\u00e3o um maior conforto na hora de assistir a vaquejada em nossa cidade. O parque est\u00e1 sendo todo organizado para receber os vaqueiros e os convidados, que em mais um ano ter\u00e3o estacionamento privativo e seguran\u00e7a.<\/p>\n<p>Na parte da vaquejada ser\u00e3o distribu\u00eddos cerca de R$ 25 mil reais em pr\u00eamios e uma moto zero km. A vaquejada encerra o XVII Circuito de Vaquejada Amador do Vale do Sambito.<\/p>\n<p><div class=\"ngg-galleryoverview\" data-widget=\"Galeria\" data-props='{&quot;galeria&quot;:{&quot;gallery_id&quot;:586,&quot;total&quot;:1,&quot;max_page&quot;:1,&quot;page&quot;:1,&quot;images&quot;:[{&quot;pid&quot;:10281,&quot;imageURL&quot;:&quot;https:\\\/\\\/portalv1.com.br\\\/app\\\/wp-content\\\/gallery\\\/vaquehada\\\/vaquejada.jpg?t=1704117673&quot;,&quot;thumbnailURL&quot;:&quot;https:\\\/\\\/portalv1.com.br\\\/app\\\/wp-content\\\/gallery\\\/vaquehada\\\/thumbs\\\/thumbs_vaquejada.jpg?t=1704117673&quot;,&quot;description&quot;:&quot; &quot;,&quot;alttext&quot;:&quot;vaquejada&quot;,&quot;style&quot;:&quot;&quot;}]}}'><\/div>.<\/p>\n","protected":false},"excerpt":{"rendered":"<p>A organiza\u00e7\u00e3o da III Vaquejada de Valen\u00e7a do Parque M\u00e3e Iris e Haras Amanda, que tem a frente o amigo Neto Vaqueiro divulgou novas atra\u00e7\u00f5es para o evento, que acontece&#8230;<\/p>\n","protected":false},"author":1,"featured_media":0,"comment_status":"open","ping_status":"open","sticky":false,"template":"","format":"standard","meta":{"ngg_post_thumbnail":0,"footnotes":""},"categories":[203],"tags":[],"class_list":["post-9725","post","type-post","status-publish","format-standard","hentry","category-espacocultura"],"views":1508,"meta_data":{"thumb":"https:\/\/portalv1.com.br\/app\/wp-content\/uploads\/2011\/08\/vaquejada3.jpg","data":{"simple":"08\/08\/2011","date_time":"08\/08\/2011 12:44:48","date":"h\u00e1 15 anos"},"chapeu":"","source":""},"_links":{"self":[{"href":"https:\/\/portalv1.com.br\/api\/wp\/v2\/posts\/9725","targetHints":{"allow":["GET"]}}],"collection":[{"href":"https:\/\/portalv1.com.br\/api\/wp\/v2\/posts"}],"about":[{"href":"https:\/\/portalv1.com.br\/api\/wp\/v2\/types\/post"}],"author":[{"embeddable":true,"href":"https:\/\/portalv1.com.br\/api\/wp\/v2\/users\/1"}],"replies":[{"embeddable":true,"href":"https:\/\/portalv1.com.br\/api\/wp\/v2\/comments?post=9725"}],"version-history":[{"count":0,"href":"https:\/\/portalv1.com.br\/api\/wp\/v2\/posts\/9725\/revisions"}],"wp:attachment":[{"href":"https:\/\/portalv1.com.br\/api\/wp\/v2\/media?parent=9725"}],"wp:term":[{"taxonomy":"category","embeddable":true,"href":"https:\/\/portalv1.com.br\/api\/wp\/v2\/categories?post=9725"},{"taxonomy":"post_tag","embeddable":true,"href":"https:\/\/portalv1.com.br\/api\/wp\/v2\/tags?post=9725"}],"curies":[{"name":"wp","href":"https:\/\/api.w.org\/{rel}","templated":true}]}}