{"id":9736,"date":"2011-08-09T09:38:53","date_gmt":"2011-08-09T12:38:53","guid":{"rendered":"https:\/\/portalv1.com.br\/?p=9736"},"modified":"2011-08-13T08:21:42","modified_gmt":"2011-08-13T11:21:42","slug":"igreja-catolica-confira-a-programacao-da-semana-da-familia","status":"publish","type":"post","link":"https:\/\/portalv1.com.br\/igreja-catolica-confira-a-programacao-da-semana-da-familia\/","title":{"rendered":"Confira a Programa\u00e7\u00e3o da Semana da Fam\u00edlia da Igreja Cat\u00f3lica"},"content":{"rendered":"<figure id=\"attachment_9737\" aria-describedby=\"caption-attachment-9737\" style=\"width: 300px\" class=\"wp-caption alignright\"><a href=\"https:\/\/portalv1.com.br\/app\/wp-content\/uploads\/2011\/08\/padres.jpg\"><img loading=\"lazy\" decoding=\"async\" class=\"size-full wp-image-9737\" title=\"padres\" src=\"https:\/\/portalv1.com.br\/app\/wp-content\/uploads\/2011\/08\/padres.jpg\" alt=\"\" width=\"300\" height=\"183\" \/><\/a><figcaption id=\"caption-attachment-9737\" class=\"wp-caption-text\">\u201cSemana Nacional da Fam\u00edlia\u201d, <\/figcaption><\/figure>\n<p>A Igreja Cat\u00f3lica de Valen\u00e7a do Piaui realiza de 14 a 21 de agosto a \u201cSemana Nacional da Fam\u00edlia\u201d, um movimento nacional de evangeliza\u00e7\u00e3o da Igreja Cat\u00f3lica em prol da fam\u00edlia. A frente da coordena\u00e7\u00e3o est\u00e3o os padres Miguel Junior e Valdecir, que convidam a todos para participarem da programa\u00e7\u00e3o que ter\u00e1 inicio neste domingo (14), na Igreja de Nossa Senhora do \u00d3 e Concei\u00e7\u00e3o, as 08h. De 15 a 19 \u00e0s 19h haver\u00e1 encontros domiciliares nos setores com o livreto \u201cHora da Fam\u00edlia\u201d.<\/p>\n<p>Dia 16 acontecer\u00e1 um encontro aberto com o padre Lauro de Deus com os jovens valencianos, \u00e0s 19h no Centro Pastoral. Dia 17 a reuni\u00e3o \u00e9 na comunidade Angical.<\/p>\n<p>Dia 19 tamb\u00e9m as 19h haver\u00e1 um encontro de casais rec\u00e9m casados das par\u00f3quias de S\u00e3o Francisco e da Matriz, no sal\u00e3o de encontros da Igreja de S\u00e3o Francisco na Cohab.<\/p>\n<p>Dia 20 Encontro e palestra com para as fam\u00edlias com o casal Dr. Carlos e Ligia, no Centro Pastoral, as 19h. Dia 21 acontecer\u00e1 as 16h a Caminhada da Fam\u00edlia, saindo do terminal rodovi\u00e1rio at\u00e9 a Igreja de S\u00e3o Francisco de Assis, onde acontecer\u00e1 a missa de encerramento da Semana Nacional da Fam\u00edlia. O lema para esse ano \u00e9 \u201cFam\u00edlia pessoa e Sociedade\u201d.<\/p>\n","protected":false},"excerpt":{"rendered":"<p>A Igreja Cat\u00f3lica de Valen\u00e7a do Piaui realiza de 14 a 21 de agosto a \u201cSemana Nacional da Fam\u00edlia\u201d, um movimento nacional de evangeliza\u00e7\u00e3o da Igreja Cat\u00f3lica em prol da&#8230;<\/p>\n","protected":false},"author":1,"featured_media":0,"comment_status":"open","ping_status":"open","sticky":false,"template":"","format":"standard","meta":{"ngg_post_thumbnail":0,"footnotes":""},"categories":[252,245],"tags":[],"class_list":["post-9736","post","type-post","status-publish","format-standard","hentry","category-avozdopastor","category-entretenimento"],"views":1401,"meta_data":{"thumb":"https:\/\/portalv1.com.br\/app\/wp-content\/uploads\/2011\/08\/padres.jpg","data":{"simple":"09\/08\/2011","date_time":"09\/08\/2011 06:38:53","date":"h\u00e1 15 anos"},"chapeu":"","source":""},"_links":{"self":[{"href":"https:\/\/portalv1.com.br\/api\/wp\/v2\/posts\/9736","targetHints":{"allow":["GET"]}}],"collection":[{"href":"https:\/\/portalv1.com.br\/api\/wp\/v2\/posts"}],"about":[{"href":"https:\/\/portalv1.com.br\/api\/wp\/v2\/types\/post"}],"author":[{"embeddable":true,"href":"https:\/\/portalv1.com.br\/api\/wp\/v2\/users\/1"}],"replies":[{"embeddable":true,"href":"https:\/\/portalv1.com.br\/api\/wp\/v2\/comments?post=9736"}],"version-history":[{"count":0,"href":"https:\/\/portalv1.com.br\/api\/wp\/v2\/posts\/9736\/revisions"}],"wp:attachment":[{"href":"https:\/\/portalv1.com.br\/api\/wp\/v2\/media?parent=9736"}],"wp:term":[{"taxonomy":"category","embeddable":true,"href":"https:\/\/portalv1.com.br\/api\/wp\/v2\/categories?post=9736"},{"taxonomy":"post_tag","embeddable":true,"href":"https:\/\/portalv1.com.br\/api\/wp\/v2\/tags?post=9736"}],"curies":[{"name":"wp","href":"https:\/\/api.w.org\/{rel}","templated":true}]}}