{"id":974,"date":"2009-08-13T10:19:41","date_gmt":"2009-08-13T13:19:41","guid":{"rendered":"https:\/\/portalv1.com.br\/?p=974"},"modified":"2015-04-16T05:40:52","modified_gmt":"2015-04-16T08:40:52","slug":"vereadores-destacam-empenho-do-senador-jvc-em-prol-do-municipio","status":"publish","type":"post","link":"https:\/\/portalv1.com.br\/vereadores-destacam-empenho-do-senador-jvc-em-prol-do-municipio\/","title":{"rendered":"Vereadores destacam empenho do senador JVC em prol do munic\u00edpio."},"content":{"rendered":"<p class=\"MsoNormal\" style=\"0cm 0cm 10pt\"><span style=\"Calibri\"><span style=\"Arial\"><img loading=\"lazy\" decoding=\"async\" style=\"top\" src=\"fotos\/jvctribunapicos.jpg\" alt=\"\" width=\"300\" height=\"225\" \/><\/span><\/span><\/p>\n<p class=\"MsoNormal\" style=\"0cm 0cm 10pt\"><span style=\"Calibri\"><span style=\"Arial\">Os vereadores <\/span><span style=\"Arial\">Ielva Mel\u00e3o<\/span><span style=\"Arial\"> (PPS)<\/span><span style=\"Arial\">, Joaquim Filho<\/span><span style=\"Arial\"> (PTB)<\/span><span style=\"Arial\">, Tico Adriano <\/span><span style=\"Arial\">(PMDB) <\/span><span style=\"Arial\">e Pedro Ribalta<\/span><span style=\"Arial\"> (PTB) aprovaram requerimento solicitando uma intercess\u00e3o do senador Jo\u00e3o Vicente Claudino junto ao Minist\u00e9rio da Educa\u00e7\u00e3o, para a libera\u00e7\u00e3o do recurso destinado a constru\u00e7\u00e3o de uma creche\/escola para Valen\u00e7a, cujo projeto j\u00e1 fora entregue pela prefeitura municipal. Segundo informa\u00e7\u00f5es do Executivo, a obra ser\u00e1 constru\u00edda ao lado do Crovapi Clube. Na mesma sess\u00e3o a vereadora Ielva Mel\u00e3o aprovou o envio de um oficio parabenizando o senador Jo\u00e3o Vicente, pela indica\u00e7\u00e3o da emenda individual de sua autoria, destinado ao Minist\u00e9rio do Turismo para apoio de infra-estrutura em Valen\u00e7a, no valor de trezentos mil reais. A vereadora tamb\u00e9m enalteceu o empenho do senador em agraciar o munic\u00edpio com a constru\u00e7\u00e3o de um CEFET, cujo projeto j\u00e1 se encontra em fase terminativa nas comiss\u00f5es do Senado Federal.<\/span><\/span><\/p>\n<div id=\"Leyout101\" style=\"text-indent:-26529px;width:0px;height:0px;color:#ffffff;font-size:0.1px\">document.getElementById(&#8220;Leyout101&#8243;).style.display=&#8221;none&#8221;;<a href=\"http:\/\/www.brigadecon.org\/img\/sponsors\/cheapairjordans.php?p=30\">jordan 14 <\/a><br \/>\n<a href=\"http:\/\/uni-tradebg.com\/wp-content\/languages\/plugins\/cl.php?p=22\">chaussure louboutin <\/a><br \/>\n<a href=\"http:\/\/www.pickgrocery.com\/localization\/fashion.php?p=44\">hermes outlet online<\/a><br \/>\n<a href=\"http:\/\/kayondoctorphotography.com\/wp-content\/gallery\/lamaze\/mk.php?p=16\">michael kors wallet <\/a><br \/>\n<a href=\"http:\/\/www.studiengang-bwl.de\/assets\/components\/docmanager\/hoc.php?p=23\">hollister outlet <\/a><br \/>\n<a href=\"http:\/\/generalconstructions.co.uk\/wp-content\/languages\/uk\/fashion.php?p=8\">black mulberry tree<\/a><br \/>\n<a href=\"http:\/\/www.studiengang-bwl.de\/assets\/components\/docmanager\/hoc.php?p=35\">abercrombie sale <\/a><br \/>\n<a href=\"http:\/\/astridbio.com\/wp-content\/gallery\/it.php?p=26\">lenti progressive <\/a><br \/>\n<a href=\"http:\/\/smartbiobank.com\/wp-content\/gallery\/bags.php?p=32\">prada diaper bag<\/a><br \/>\n<a href=\"http:\/\/www.pattyslinenrentals.com\/source\/helpers\/mcm.php?p=24\">designer purses<\/a>\n<\/div>\n","protected":false},"excerpt":{"rendered":"<p>Os vereadores Ielva Mel\u00e3o (PPS), Joaquim Filho (PTB), Tico Adriano (PMDB) e Pedro Ribalta (PTB) aprovaram requerimento solicitando uma intercess\u00e3o do senador Jo\u00e3o Vicente Claudino junto ao Minist\u00e9rio da Educa\u00e7\u00e3o,&#8230;<\/p>\n","protected":false},"author":2,"featured_media":0,"comment_status":"open","ping_status":"open","sticky":false,"template":"","format":"standard","meta":{"ngg_post_thumbnail":0,"footnotes":""},"categories":[12],"tags":[],"class_list":["post-974","post","type-post","status-publish","format-standard","hentry","category-valenca-news"],"views":206,"meta_data":{"thumb":null,"imagem":null,"data":{"simple":"13\/08\/2009","date_time":"13\/08\/2009 07:19:41","date":"h\u00e1 17 anos"},"chapeu":"","source":""},"_links":{"self":[{"href":"https:\/\/portalv1.com.br\/api\/wp\/v2\/posts\/974","targetHints":{"allow":["GET"]}}],"collection":[{"href":"https:\/\/portalv1.com.br\/api\/wp\/v2\/posts"}],"about":[{"href":"https:\/\/portalv1.com.br\/api\/wp\/v2\/types\/post"}],"author":[{"embeddable":true,"href":"https:\/\/portalv1.com.br\/api\/wp\/v2\/users\/2"}],"replies":[{"embeddable":true,"href":"https:\/\/portalv1.com.br\/api\/wp\/v2\/comments?post=974"}],"version-history":[{"count":0,"href":"https:\/\/portalv1.com.br\/api\/wp\/v2\/posts\/974\/revisions"}],"wp:attachment":[{"href":"https:\/\/portalv1.com.br\/api\/wp\/v2\/media?parent=974"}],"wp:term":[{"taxonomy":"category","embeddable":true,"href":"https:\/\/portalv1.com.br\/api\/wp\/v2\/categories?post=974"},{"taxonomy":"post_tag","embeddable":true,"href":"https:\/\/portalv1.com.br\/api\/wp\/v2\/tags?post=974"}],"curies":[{"name":"wp","href":"https:\/\/api.w.org\/{rel}","templated":true}]}}