{"id":97466,"date":"2021-07-30T16:05:50","date_gmt":"2021-07-30T19:05:50","guid":{"rendered":"https:\/\/portalv1.com.br\/?p=97466"},"modified":"2021-07-30T16:05:50","modified_gmt":"2021-07-30T19:05:50","slug":"aulas-presenciais-na-ufpi-devem-ser-retomadas-em-marco-de-2022","status":"publish","type":"post","link":"https:\/\/portalv1.com.br\/aulas-presenciais-na-ufpi-devem-ser-retomadas-em-marco-de-2022\/","title":{"rendered":"Aulas presenciais na Ufpi devem ser retomadas em mar\u00e7o de 2022"},"content":{"rendered":"<p><a href=\"https:\/\/portalv1.com.br\/app\/wp-content\/uploads\/2021\/07\/UFPI.jpg\"><img loading=\"lazy\" decoding=\"async\" class=\"aligncenter size-large wp-image-97467\" src=\"https:\/\/portalv1.com.br\/app\/wp-content\/uploads\/2021\/07\/UFPI-640x426.jpg\" alt=\"\" width=\"600\" height=\"399\" srcset=\"https:\/\/portalv1.com.br\/app\/wp-content\/uploads\/2021\/07\/UFPI-640x426.jpg 640w, https:\/\/portalv1.com.br\/app\/wp-content\/uploads\/2021\/07\/UFPI-300x200.jpg 300w, https:\/\/portalv1.com.br\/app\/wp-content\/uploads\/2021\/07\/UFPI-768x511.jpg 768w, https:\/\/portalv1.com.br\/app\/wp-content\/uploads\/2021\/07\/UFPI.jpg 790w\" sizes=\"auto, (max-width: 600px) 100vw, 600px\" \/><\/a>As aulas presenciais na Universidade Federal do Piau\u00ed (Ufpi) s\u00f3 devem ser retomadas em mar\u00e7o de 2022. Em entrevista ao Jornal do Piau\u00ed, Ricardo Alaggio, diretor de Gest\u00e3o de Recursos da Pr\u00f3-Reitoria de Planejamento, pontou que n\u00e3o h\u00e1 diretriz do Minist\u00e9rio da Educa\u00e7\u00e3o para o retorno este ano e elencou tamb\u00e9m projetos que visam com que a institui\u00e7\u00e3o de ensino tenha recursos pr\u00f3prios, uma medida para tentar contornar as sucessivas quedas nos repasses federais.&nbsp;<\/p>\n<p>&#8220;Agora, n\u00e3o h\u00e1 diretriz do Minist\u00e9rio nessa dire\u00e7\u00e3o, nem tampouco disposi\u00e7\u00e3o do pr\u00f3prio sindicato. Acredito que n\u00e3o volta esse ano&#8221;, disse o diretor Gest\u00e3o de Recursos da Pr\u00f3-Reitoria de Planejamento da Ufpi.&nbsp;<\/p>\n<p>Durante o primeiro semestre, a Ufpi ofertou aulas no ensino remoto, com apenas algumas excess\u00f5es, principalmente, para cursos da \u00e1rea de Sa\u00fade. O modelo adotado deve ser mantido no segundo semestre com pequenas altera\u00e7\u00f5es que levam em considera\u00e7\u00e3o as medidas sanit\u00e1rias de preven\u00e7\u00e3o ao novo coronav\u00edrus.&nbsp;<\/p>\n<p><strong>QUEDA DE REPASSES<\/strong><\/p>\n<p>Com a diminui\u00e7\u00e3o de recursos para investimentos, a Ufpi negocia com a Uni\u00e3o a cess\u00e3o de terreno \u00e0s margens da Avenida Ulisses Marques, na zona Leste de Teresina. A ideia \u00e9 alugar a \u00e1rea e usar a renda para investir a institui\u00e7\u00e3o de ensino. Para se ter uma ideia, de 2015 para 2021, os recursos federais para a investimentos na Ufpi sa\u00edram de R$ 50 milh\u00f5es para R$ 3 milh\u00f5es.<\/p>\n<p>&#8220;A ideia \u00e9 que possamos alugar parte do terreno e bem no meio vamos inserir o nosso parque tecnol\u00f3gico que ser\u00e1 voltado para a pesquisa de ponta e para startups piauienses. N\u00e3o estamos inventando a roda. A UNB tem 1.500 im\u00f3veis que d\u00e1 uma renda por ano de R$ 50 milh\u00f5es, \u00e9 mais da metade do custeio da Ufpi. A UFRJ tem pr\u00e9dio alugado para Petrobras que d\u00e1 mais de R$ 20 milh\u00f5es por ano. As outras universidades federais est\u00e3o fazendo isso e temos que buscar recursos pr\u00f3prios, temos tamb\u00e9m que desenvolver pesquisa que traga recurso, desenvolvimento tecnol\u00f3gico para o Piau\u00ed&#8221;, destaca Alaggio.&nbsp;<\/p>\n<p>Os recursos destinados para investimentos s\u00e3o voltados para amplia\u00e7\u00e3o da Ufpi, seja com aquisi\u00e7\u00e3o de m\u00e1quinas, melhorias nas instala\u00e7\u00f5es, estrutura para pesquisa e extens\u00e3o, entre outros.&nbsp;<\/p>\n<p>&#8220;Essa perda afetou duplamente. De 2015 para c\u00e1, o custeio, ou seja, o pagamento do cotidiano da universidade caiu em 50%. A maior queda foi do ano passado para c\u00e1 quando tivemos uma queda de 18%, um golpe muito forte nas nossas finan\u00e7as. As coisas pioraram a partir de 2017 com o&nbsp; problema do teto dos gastos que, praticamente, engessou os minist\u00e9rios. A Educa\u00e7\u00e3o tem um problema porque os sal\u00e1rios aumentam, pela pr\u00f3pria lei das promo\u00e7\u00f5es, e o que o Governo tem feito \u00e9 diminuir o custeio e o investimento&#8221;, explica o diretor.&nbsp;<\/p>\n<p>Com as perdas acumuladas, Ricardo Alaggio explica que foi necess\u00e1rio a redu\u00e7\u00e3o em despesas como luz, \u00e1gua, vigil\u00e2ncia, limpeza, entre outras, que n\u00e3o estavam sendo t\u00e3o demandadas devido \u00e0 pandemia da Covid-19, para n\u00e3o interromper os servi\u00e7os prestados.&nbsp;<\/p>\n<p>Fonte: cidade verde<\/p>\n","protected":false},"excerpt":{"rendered":"<p>As aulas presenciais na Universidade Federal do Piau\u00ed (Ufpi) s\u00f3 devem ser retomadas em mar\u00e7o de 2022. Em entrevista ao Jornal do Piau\u00ed, Ricardo Alaggio, diretor de Gest\u00e3o de Recursos&#8230;<\/p>\n","protected":false},"author":1,"featured_media":97467,"comment_status":"open","ping_status":"open","sticky":false,"template":"","format":"standard","meta":{"ngg_post_thumbnail":0,"footnotes":""},"categories":[243],"tags":[],"class_list":["post-97466","post","type-post","status-publish","format-standard","has-post-thumbnail","hentry","category-geral"],"views":347,"meta_data":{"thumb":"https:\/\/portalv1.com.br\/app\/wp-content\/uploads\/2021\/07\/UFPI.jpg","imagem":{"fullsize":{"url":"https:\/\/portalv1.com.br\/app\/wp-content\/uploads\/2021\/07\/UFPI.jpg","width":790,"height":526},"medium":{"url":"https:\/\/portalv1.com.br\/app\/wp-content\/uploads\/2021\/07\/UFPI-300x200.jpg","width":300,"height":200},"large":{"url":"https:\/\/portalv1.com.br\/app\/wp-content\/uploads\/2021\/07\/UFPI-640x426.jpg","width":640,"height":426},"thumbnail":{"url":"https:\/\/portalv1.com.br\/app\/wp-content\/uploads\/2021\/07\/UFPI-100x100.jpg","width":100,"height":100},"medium_large":{"url":"https:\/\/portalv1.com.br\/app\/wp-content\/uploads\/2021\/07\/UFPI-768x511.jpg","width":768,"height":511}},"data":{"simple":"30\/07\/2021","date_time":"30\/07\/2021 13:05:50","date":"h\u00e1 5 anos"},"chapeu":"Veja detalhes ","source":"slide"},"_links":{"self":[{"href":"https:\/\/portalv1.com.br\/api\/wp\/v2\/posts\/97466","targetHints":{"allow":["GET"]}}],"collection":[{"href":"https:\/\/portalv1.com.br\/api\/wp\/v2\/posts"}],"about":[{"href":"https:\/\/portalv1.com.br\/api\/wp\/v2\/types\/post"}],"author":[{"embeddable":true,"href":"https:\/\/portalv1.com.br\/api\/wp\/v2\/users\/1"}],"replies":[{"embeddable":true,"href":"https:\/\/portalv1.com.br\/api\/wp\/v2\/comments?post=97466"}],"version-history":[{"count":0,"href":"https:\/\/portalv1.com.br\/api\/wp\/v2\/posts\/97466\/revisions"}],"wp:featuredmedia":[{"embeddable":true,"href":"https:\/\/portalv1.com.br\/api\/wp\/v2\/media\/97467"}],"wp:attachment":[{"href":"https:\/\/portalv1.com.br\/api\/wp\/v2\/media?parent=97466"}],"wp:term":[{"taxonomy":"category","embeddable":true,"href":"https:\/\/portalv1.com.br\/api\/wp\/v2\/categories?post=97466"},{"taxonomy":"post_tag","embeddable":true,"href":"https:\/\/portalv1.com.br\/api\/wp\/v2\/tags?post=97466"}],"curies":[{"name":"wp","href":"https:\/\/api.w.org\/{rel}","templated":true}]}}