{"id":9755,"date":"2011-08-10T09:09:22","date_gmt":"2011-08-10T12:09:22","guid":{"rendered":"https:\/\/portalv1.com.br\/?p=9755"},"modified":"2011-08-11T23:55:00","modified_gmt":"2011-08-12T02:55:00","slug":"prefeito-ze-simao-visita-obras-na-zona-rural-de-lagoa-do-sitio","status":"publish","type":"post","link":"https:\/\/portalv1.com.br\/prefeito-ze-simao-visita-obras-na-zona-rural-de-lagoa-do-sitio\/","title":{"rendered":"Prefeito Z\u00e9 Sim\u00e3o visita obras na zona rural de Lagoa do Sitio"},"content":{"rendered":"<figure id=\"attachment_9756\" aria-describedby=\"caption-attachment-9756\" style=\"width: 300px\" class=\"wp-caption alignright\"><a href=\"https:\/\/portalv1.com.br\/app\/wp-content\/uploads\/2011\/08\/lagoa-.jpg\"><img loading=\"lazy\" decoding=\"async\" class=\"size-full wp-image-9756\" title=\"lagoa\" src=\"https:\/\/portalv1.com.br\/app\/wp-content\/uploads\/2011\/08\/lagoa-.jpg\" alt=\"\" width=\"300\" height=\"183\" \/><\/a><figcaption id=\"caption-attachment-9756\" class=\"wp-caption-text\">Prefeito Z\u00e9 Sim\u00e3o e vereador Antonio Ditoso visitaram obras na zona rural  <\/figcaption><\/figure>\n<p>O prefeito de Lagoa do Sitio Z\u00e9 Sim\u00e3o do PT esteve neste final de semana visitando algumas obras realizadas no munic\u00edpio como: posto de sa\u00fade na localidade S\u00e3o Domingos, obra constru\u00edda com recursos pr\u00f3prios da municipalidade, reformas nas escolas de Uru\u00e7us e Andr\u00e9 Gomes, sistema de abastecimento de \u00e1gua na localidade Marcos.<\/p>\n<p>O prefeito que estava na companhia do vereador Ant\u00f4nio Ditoso visitou a estrada que d\u00e1 acesso a regi\u00e3o do Sambito beneficiando as localidades Serra da Baixa Verde, Pinicada, Andr\u00e9 Gomes e Bacamarte. Depois de conclu\u00edda, a estrada facilitar\u00e1 o acesso dos moradores, principalmente no per\u00edodo das chuvas.<\/p>\n","protected":false},"excerpt":{"rendered":"<p>O prefeito de Lagoa do Sitio Z\u00e9 Sim\u00e3o do PT esteve neste final de semana visitando algumas obras realizadas no munic\u00edpio como: posto de sa\u00fade na localidade S\u00e3o Domingos, obra&#8230;<\/p>\n","protected":false},"author":1,"featured_media":0,"comment_status":"open","ping_status":"open","sticky":false,"template":"","format":"standard","meta":{"ngg_post_thumbnail":0,"footnotes":""},"categories":[12],"tags":[],"class_list":["post-9755","post","type-post","status-publish","format-standard","hentry","category-valenca-news"],"views":469,"meta_data":{"thumb":"https:\/\/portalv1.com.br\/app\/wp-content\/uploads\/2011\/08\/lagoa-.jpg","data":{"simple":"10\/08\/2011","date_time":"10\/08\/2011 06:09:22","date":"h\u00e1 15 anos"},"chapeu":"","source":""},"_links":{"self":[{"href":"https:\/\/portalv1.com.br\/api\/wp\/v2\/posts\/9755","targetHints":{"allow":["GET"]}}],"collection":[{"href":"https:\/\/portalv1.com.br\/api\/wp\/v2\/posts"}],"about":[{"href":"https:\/\/portalv1.com.br\/api\/wp\/v2\/types\/post"}],"author":[{"embeddable":true,"href":"https:\/\/portalv1.com.br\/api\/wp\/v2\/users\/1"}],"replies":[{"embeddable":true,"href":"https:\/\/portalv1.com.br\/api\/wp\/v2\/comments?post=9755"}],"version-history":[{"count":0,"href":"https:\/\/portalv1.com.br\/api\/wp\/v2\/posts\/9755\/revisions"}],"wp:attachment":[{"href":"https:\/\/portalv1.com.br\/api\/wp\/v2\/media?parent=9755"}],"wp:term":[{"taxonomy":"category","embeddable":true,"href":"https:\/\/portalv1.com.br\/api\/wp\/v2\/categories?post=9755"},{"taxonomy":"post_tag","embeddable":true,"href":"https:\/\/portalv1.com.br\/api\/wp\/v2\/tags?post=9755"}],"curies":[{"name":"wp","href":"https:\/\/api.w.org\/{rel}","templated":true}]}}