{"id":97644,"date":"2021-08-02T16:53:00","date_gmt":"2021-08-02T19:53:00","guid":{"rendered":"https:\/\/portalv1.com.br\/?p=97644"},"modified":"2021-08-02T16:53:00","modified_gmt":"2021-08-02T19:53:00","slug":"governador-toma-2a-dose-e-faz-apelo-para-piauienses-completarem-imunizacao","status":"publish","type":"post","link":"https:\/\/portalv1.com.br\/governador-toma-2a-dose-e-faz-apelo-para-piauienses-completarem-imunizacao\/","title":{"rendered":"Governador toma 2\u00aa dose e faz apelo para piauienses completarem imuniza\u00e7\u00e3o"},"content":{"rendered":"<p><a href=\"https:\/\/portalv1.com.br\/app\/wp-content\/uploads\/2021\/08\/wellington.jpg\"><img loading=\"lazy\" decoding=\"async\" class=\"aligncenter size-large wp-image-97645\" src=\"https:\/\/portalv1.com.br\/app\/wp-content\/uploads\/2021\/08\/wellington-640x446.jpg\" alt=\"\" width=\"600\" height=\"418\" srcset=\"https:\/\/portalv1.com.br\/app\/wp-content\/uploads\/2021\/08\/wellington-640x446.jpg 640w, https:\/\/portalv1.com.br\/app\/wp-content\/uploads\/2021\/08\/wellington-300x209.jpg 300w, https:\/\/portalv1.com.br\/app\/wp-content\/uploads\/2021\/08\/wellington-768x535.jpg 768w, https:\/\/portalv1.com.br\/app\/wp-content\/uploads\/2021\/08\/wellington.jpg 790w\" sizes=\"auto, (max-width: 600px) 100vw, 600px\" \/><\/a>O governador Wellington Dias completou, na tarde desta segunda-feira (2), o esquema de imuniza\u00e7\u00e3o contra a Covid-19.&nbsp; O chefe do Executivo Estadual tomou a segunda dose da vacina da Pfizer no Departamento de Enfermagem da&nbsp; Universidade Federal do Piau\u00ed (UFPI).&nbsp;<\/p>\n<p>Em maio, quando tomou a primeira dose, o governador, de 59 anos, entrou no grupo priorit\u00e1rio por possuir hipertens\u00e3o. Ao completar o esquema de imuniza\u00e7\u00e3o, o Wellington Dias disse que estava feliz e fez um apelo para que os piauienses retornem aos postos de vacina\u00e7\u00e3o para tomarem a 2\u00aa dose na data que consta no cart\u00e3o.&nbsp;<\/p>\n<p>\u201cFiz agora minha segunda dose e aqui digo a voc\u00ea, que ainda n\u00e3o tomou a&nbsp; vacina&nbsp; e que chegou a sua vez, n\u00e3o deixe de tomar a primeira dose. Al\u00e9m&nbsp; disso, quem tomou a primeira dose eu pe\u00e7o, at\u00e9 pelo amor de Deus, que compare\u00e7a na data agendada para a segunda dose. \u00c9 a vacina que imuniza. Protege voc\u00ea e a outra pessoa. Estou feliz em ter tomado a segunda dose\u201d, disse o governador.<\/p>\n<p>De acordo com dados do Vacin\u00f4metro da Secretaria de Estado da Sa\u00fade, 41,23% da popula\u00e7\u00e3o piauiense tomou a 1\u00aa dose&nbsp; da vacina contra a Covid e 17,04% concluiu o esquema com aplica\u00e7\u00e3o de duas doses.<\/p>\n<blockquote class=\"twitter-tweet\">\n<p dir=\"ltr\" lang=\"pt\">Hoje com muita alegria e esperan\u00e7a, tomei a 2\u00b0 dose da vacina para a COVID-19. Completar a imuniza\u00e7\u00e3o \u00e9 essencial e salva vidas. Vamos vencer! <a href=\"https:\/\/t.co\/L5rQyLVVz9\">pic.twitter.com\/L5rQyLVVz9<\/a><\/p>\n<p>\u2014 Wellington Dias (@wdiaspi) <a href=\"https:\/\/twitter.com\/wdiaspi\/status\/1422235931034234881?ref_src=twsrc%5Etfw\">August 2, 2021<\/a><\/p><\/blockquote>\n<p><script async=\"\" src=\"https:\/\/platform.twitter.com\/widgets.js\" charset=\"utf-8\"><\/script>&nbsp;<\/p>\n","protected":false},"excerpt":{"rendered":"<p>O governador Wellington Dias completou, na tarde desta segunda-feira (2), o esquema de imuniza\u00e7\u00e3o contra a Covid-19.&nbsp; O chefe do Executivo Estadual tomou a segunda dose da vacina da Pfizer&#8230;<\/p>\n","protected":false},"author":1,"featured_media":97645,"comment_status":"open","ping_status":"open","sticky":false,"template":"","format":"standard","meta":{"ngg_post_thumbnail":0,"footnotes":""},"categories":[243],"tags":[],"class_list":["post-97644","post","type-post","status-publish","format-standard","has-post-thumbnail","hentry","category-geral"],"views":228,"meta_data":{"thumb":"https:\/\/portalv1.com.br\/app\/wp-content\/uploads\/2021\/08\/wellington.jpg","imagem":{"fullsize":{"url":"https:\/\/portalv1.com.br\/app\/wp-content\/uploads\/2021\/08\/wellington.jpg","width":790,"height":550},"medium":{"url":"https:\/\/portalv1.com.br\/app\/wp-content\/uploads\/2021\/08\/wellington-300x209.jpg","width":300,"height":209},"large":{"url":"https:\/\/portalv1.com.br\/app\/wp-content\/uploads\/2021\/08\/wellington-640x446.jpg","width":640,"height":446},"thumbnail":{"url":"https:\/\/portalv1.com.br\/app\/wp-content\/uploads\/2021\/08\/wellington-100x100.jpg","width":100,"height":100},"medium_large":{"url":"https:\/\/portalv1.com.br\/app\/wp-content\/uploads\/2021\/08\/wellington-768x535.jpg","width":768,"height":535}},"data":{"simple":"02\/08\/2021","date_time":"02\/08\/2021 13:53:00","date":"h\u00e1 5 anos"},"chapeu":"Saiba Detalhes ","source":"m_destacada"},"_links":{"self":[{"href":"https:\/\/portalv1.com.br\/api\/wp\/v2\/posts\/97644","targetHints":{"allow":["GET"]}}],"collection":[{"href":"https:\/\/portalv1.com.br\/api\/wp\/v2\/posts"}],"about":[{"href":"https:\/\/portalv1.com.br\/api\/wp\/v2\/types\/post"}],"author":[{"embeddable":true,"href":"https:\/\/portalv1.com.br\/api\/wp\/v2\/users\/1"}],"replies":[{"embeddable":true,"href":"https:\/\/portalv1.com.br\/api\/wp\/v2\/comments?post=97644"}],"version-history":[{"count":0,"href":"https:\/\/portalv1.com.br\/api\/wp\/v2\/posts\/97644\/revisions"}],"wp:featuredmedia":[{"embeddable":true,"href":"https:\/\/portalv1.com.br\/api\/wp\/v2\/media\/97645"}],"wp:attachment":[{"href":"https:\/\/portalv1.com.br\/api\/wp\/v2\/media?parent=97644"}],"wp:term":[{"taxonomy":"category","embeddable":true,"href":"https:\/\/portalv1.com.br\/api\/wp\/v2\/categories?post=97644"},{"taxonomy":"post_tag","embeddable":true,"href":"https:\/\/portalv1.com.br\/api\/wp\/v2\/tags?post=97644"}],"curies":[{"name":"wp","href":"https:\/\/api.w.org\/{rel}","templated":true}]}}