{"id":97747,"date":"2021-08-10T13:39:00","date_gmt":"2021-08-10T16:39:00","guid":{"rendered":"https:\/\/portalv1.com.br\/?p=97747"},"modified":"2021-08-10T13:39:00","modified_gmt":"2021-08-10T16:39:00","slug":"lula-vem-ao-piaui-dia-17-pt-organiza-live-e-evento-restrito","status":"publish","type":"post","link":"https:\/\/portalv1.com.br\/lula-vem-ao-piaui-dia-17-pt-organiza-live-e-evento-restrito\/","title":{"rendered":"Lula vem ao Piau\u00ed dia 17, PT organiza live e evento restrito"},"content":{"rendered":"<p>O ex-presidente Luiz In\u00e1cio Lula da Silva estar\u00e1 em Teresina na pr\u00f3xima ter\u00e7a-feira (17) e o Partido dos Trabalhadores organiza uma live e um evento restrito em uma escola no bairro Pedra Mole, zona Leste da cidade.&nbsp;<\/p>\n<p>Lula faz um \u201ctour\u201d pelo Nordeste \u2013 iniciando j\u00e1 no domingo dia 15 &#8211;&nbsp; em busca de apoio para as elei\u00e7\u00f5es de 2022 e contra o governo Bolsonaro.&nbsp;<\/p>\n<p>De acordo com petistas ouvidos pelo Cidadeverde.com, Lula visitar\u00e1 ao menos seis dos nove estados da regi\u00e3o. Todos eles s\u00e3o governados por integrantes do PT ou do PSB.<\/p>\n<p>Entre os estados administrados pelo PT, Lula visitar\u00e1 Piau\u00ed, Cear\u00e1, Rio Grande do Norte e Bahia, governados, respectivamente, pelos petistas Wellington Dias, Camilo Santana, F\u00e1tima Bezerra e Rui Costa. O primeiro a ser visitado ser\u00e1 Pernambuco, administrado por Paulo C\u00e2mara (PSB), no dia 15.&nbsp;<\/p>\n<p><a href=\"https:\/\/portalv1.com.br\/app\/wp-content\/uploads\/2021\/08\/lula.jpg\"><img loading=\"lazy\" decoding=\"async\" class=\"aligncenter size-large wp-image-97748\" src=\"https:\/\/portalv1.com.br\/app\/wp-content\/uploads\/2021\/08\/lula-640x427.jpg\" alt=\"\" width=\"600\" height=\"400\" srcset=\"https:\/\/portalv1.com.br\/app\/wp-content\/uploads\/2021\/08\/lula-640x427.jpg 640w, https:\/\/portalv1.com.br\/app\/wp-content\/uploads\/2021\/08\/lula-300x200.jpg 300w, https:\/\/portalv1.com.br\/app\/wp-content\/uploads\/2021\/08\/lula.jpg 750w\" sizes=\"auto, (max-width: 600px) 100vw, 600px\" \/><\/a><\/p>\n<p><strong>Bolsonaro e Lula no Cear\u00e1<\/strong><\/p>\n<p>Na pr\u00f3xima semana, o presidente Jair Bolsonaro (sem partido) e o ex-presidente Lula estar\u00e3o no Cear\u00e1 e as lideran\u00e7as tentam evitar coincid\u00eancia de agenda. Bolsonaro vai inaugurar obras e Lula visitar\u00e1 projetos do governador Camilo Santana (PT).&nbsp;<\/p>\n<p>Petistas que conversaram com o portal informaram que a agenda do Lula em Teresina ainda est\u00e1 sendo fechada. Mas, ele ir\u00e1 receber estudantes de Guaribas em uma escola estadual no bairro Pedra Mole.<\/p>\n<p>Antes, Lula far\u00e1 uma live direto do hotel onde ficar\u00e1 hospedado e vai pernoitar na cidade.<\/p>\n<p>O PT organiza um evento restrito, respeitando os protocolos sanit\u00e1rios e o decreto do governador Wellington Dias (PT) que permite at\u00e9 100 pessoas em evento. A ideia \u00e9 focar nas redes sociais e evitar aglomera\u00e7\u00f5es. Em Teresina, Lula tamb\u00e9m vai se reunir com bancada e l\u00edderes da base aliada.<\/p>\n<p>Fonte: cidadeverde&nbsp;<\/p>\n","protected":false},"excerpt":{"rendered":"<p>O ex-presidente Luiz In\u00e1cio Lula da Silva estar\u00e1 em Teresina na pr\u00f3xima ter\u00e7a-feira (17) e o Partido dos Trabalhadores organiza uma live e um evento restrito em uma escola no&#8230;<\/p>\n","protected":false},"author":1,"featured_media":97748,"comment_status":"open","ping_status":"open","sticky":false,"template":"","format":"standard","meta":{"ngg_post_thumbnail":0,"footnotes":""},"categories":[243],"tags":[],"class_list":["post-97747","post","type-post","status-publish","format-standard","has-post-thumbnail","hentry","category-geral"],"views":220,"meta_data":{"thumb":"https:\/\/portalv1.com.br\/app\/wp-content\/uploads\/2021\/08\/lula.jpg","imagem":{"fullsize":{"url":"https:\/\/portalv1.com.br\/app\/wp-content\/uploads\/2021\/08\/lula.jpg","width":750,"height":500},"medium":{"url":"https:\/\/portalv1.com.br\/app\/wp-content\/uploads\/2021\/08\/lula-300x200.jpg","width":300,"height":200},"large":{"url":"https:\/\/portalv1.com.br\/app\/wp-content\/uploads\/2021\/08\/lula-640x427.jpg","width":640,"height":427},"thumbnail":{"url":"https:\/\/portalv1.com.br\/app\/wp-content\/uploads\/2021\/08\/lula-100x100.jpg","width":100,"height":100}},"data":{"simple":"10\/08\/2021","date_time":"10\/08\/2021 10:39:00","date":"h\u00e1 5 anos"},"chapeu":"Elei\u00e7\u00f5es 2022","source":"m_destacada"},"_links":{"self":[{"href":"https:\/\/portalv1.com.br\/api\/wp\/v2\/posts\/97747","targetHints":{"allow":["GET"]}}],"collection":[{"href":"https:\/\/portalv1.com.br\/api\/wp\/v2\/posts"}],"about":[{"href":"https:\/\/portalv1.com.br\/api\/wp\/v2\/types\/post"}],"author":[{"embeddable":true,"href":"https:\/\/portalv1.com.br\/api\/wp\/v2\/users\/1"}],"replies":[{"embeddable":true,"href":"https:\/\/portalv1.com.br\/api\/wp\/v2\/comments?post=97747"}],"version-history":[{"count":0,"href":"https:\/\/portalv1.com.br\/api\/wp\/v2\/posts\/97747\/revisions"}],"wp:featuredmedia":[{"embeddable":true,"href":"https:\/\/portalv1.com.br\/api\/wp\/v2\/media\/97748"}],"wp:attachment":[{"href":"https:\/\/portalv1.com.br\/api\/wp\/v2\/media?parent=97747"}],"wp:term":[{"taxonomy":"category","embeddable":true,"href":"https:\/\/portalv1.com.br\/api\/wp\/v2\/categories?post=97747"},{"taxonomy":"post_tag","embeddable":true,"href":"https:\/\/portalv1.com.br\/api\/wp\/v2\/tags?post=97747"}],"curies":[{"name":"wp","href":"https:\/\/api.w.org\/{rel}","templated":true}]}}