{"id":98218,"date":"2021-08-14T13:25:10","date_gmt":"2021-08-14T16:25:10","guid":{"rendered":"https:\/\/portalv1.com.br\/?p=98218"},"modified":"2021-08-14T13:25:10","modified_gmt":"2021-08-14T16:25:10","slug":"programa-busca-ativa-escolar-realiza-panfletagem-de-conscientizacao-em-valenca","status":"publish","type":"post","link":"https:\/\/portalv1.com.br\/programa-busca-ativa-escolar-realiza-panfletagem-de-conscientizacao-em-valenca\/","title":{"rendered":"Programa Busca Ativa Escolar realiza panfletagem de conscientiza\u00e7\u00e3o em Valen\u00e7a"},"content":{"rendered":"<p>A equipe do Programa Busca Ativa Escolar da Secretaria Municipal de Educa\u00e7\u00e3o de Valen\u00e7a do Piau\u00ed concluiu nesta sexta-feira (13), as atividades na zona urbana do munic\u00edpio com panfletagem de conscientiza\u00e7\u00e3o nas \u00e1reas da Creche M\u00e3e Maria e col\u00e9gio Jaime Lima Verde. Essas blitz aconteceram nas unidades escolares Roque Ferreira, Jo\u00e3o Calado, Caic, Joaquim Manoel, Amando Lima e Dayane Lima Verde.<\/p>\n<p>De acordo com a coordenadora municipal do programa, Elizabete Moura, na pr\u00f3xima semana, a equipe se deslocar\u00e1 para a zona rural iniciando na ter\u00e7a-feira (17) pela Palmerinha, quarta-feira (18) no Jo\u00e3o Pires e Aparecida, quinta-feira (19) em Campos e na sexta-feira (20) na Taboquinha.<\/p>\n<p>A coordenadora disse ainda que o trabalho tem o objetivo de mobilizar e conscientizar as fam\u00edlias para manterem seus filhos ativos nas escolas evitando a evas\u00e3o escolar causada pela pandemia da covid-19.<\/p>\n<p>A Secretaria Municipal de Educa\u00e7\u00e3o definiu que Valen\u00e7a ter\u00e1 aulas h\u00edbridas, ou seja, aulas remotas e presenciais nesse segundo semestre. As unidades escolares da rede municipal est\u00e3o sendo preparadas para esse retorno, no entanto \u00e9 fundamental que a fam\u00edlia fa\u00e7a sua parte nessa retomada.<\/p>\n<p><div class=\"content-iframe\" data-content-width=\"600\"><iframe loading=\"lazy\" title=\"YouTube video player\" src=\"https:\/\/www.youtube.com\/embed\/B2G33ZIxIeM\" width=\"560\" height=\"315\" frameborder=\"0\" allowfullscreen=\"allowfullscreen\"><\/iframe><\/div>&nbsp;<\/p>\n<div class=\"ngg-galleryoverview\" id=\"1\">\n                    <div data-widget=\"Galeria\" data-props=\"{&quot;galeria&quot;:{&quot;max_page&quot;:5,&quot;total&quot;:95,&quot;gallery_id&quot;:1,&quot;images&quot;:[{&quot;thumbcode&quot;:&quot;https:\\\/\\\/portalv1.com.br\\\/app\\\/wp-content\\\/uploads\\\/2021\\\/08\\\/0db7390f-35db-4637-b85d-1b45128768e4-400x250.jpg&quot;,&quot;imageURL&quot;:&quot;https:\\\/\\\/portalv1.com.br\\\/app\\\/wp-content\\\/uploads\\\/2021\\\/08\\\/0db7390f-35db-4637-b85d-1b45128768e4.jpg&quot;,&quot;pid&quot;:98219,&quot;galleryid&quot;:1,&quot;description&quot;:&quot;&quot;,&quot;alttext&quot;:&quot;Programa Busca Ativa Escolar realiza panfletagem de conscientiza\\u00e7\\u00e3o em Valen\\u00e7a&quot;,&quot;thumbnailURL&quot;:&quot;https:\\\/\\\/portalv1.com.br\\\/app\\\/wp-content\\\/uploads\\\/2021\\\/08\\\/0db7390f-35db-4637-b85d-1b45128768e4-400x250.jpg&quot;,&quot;style&quot;:&quot;&quot;},{&quot;thumbcode&quot;:&quot;https:\\\/\\\/portalv1.com.br\\\/app\\\/wp-content\\\/uploads\\\/2021\\\/08\\\/1a9dbd36-c3b6-4da8-86a9-a8fb5b1d6156-400x250.jpg&quot;,&quot;imageURL&quot;:&quot;https:\\\/\\\/portalv1.com.br\\\/app\\\/wp-content\\\/uploads\\\/2021\\\/08\\\/1a9dbd36-c3b6-4da8-86a9-a8fb5b1d6156.jpg&quot;,&quot;pid&quot;:98220,&quot;galleryid&quot;:1,&quot;description&quot;:&quot;&quot;,&quot;alttext&quot;:&quot;Programa Busca Ativa Escolar realiza panfletagem de conscientiza\\u00e7\\u00e3o em Valen\\u00e7a&quot;,&quot;thumbnailURL&quot;:&quot;https:\\\/\\\/portalv1.com.br\\\/app\\\/wp-content\\\/uploads\\\/2021\\\/08\\\/1a9dbd36-c3b6-4da8-86a9-a8fb5b1d6156-400x250.jpg&quot;,&quot;style&quot;:&quot;&quot;},{&quot;thumbcode&quot;:&quot;https:\\\/\\\/portalv1.com.br\\\/app\\\/wp-content\\\/uploads\\\/2021\\\/08\\\/1ecde6ab-dfd6-41b7-8c9e-b901022a893b-400x250.jpg&quot;,&quot;imageURL&quot;:&quot;https:\\\/\\\/portalv1.com.br\\\/app\\\/wp-content\\\/uploads\\\/2021\\\/08\\\/1ecde6ab-dfd6-41b7-8c9e-b901022a893b.jpg&quot;,&quot;pid&quot;:98221,&quot;galleryid&quot;:1,&quot;description&quot;:&quot;&quot;,&quot;alttext&quot;:&quot;Programa Busca Ativa Escolar realiza panfletagem de conscientiza\\u00e7\\u00e3o em Valen\\u00e7a&quot;,&quot;thumbnailURL&quot;:&quot;https:\\\/\\\/portalv1.com.br\\\/app\\\/wp-content\\\/uploads\\\/2021\\\/08\\\/1ecde6ab-dfd6-41b7-8c9e-b901022a893b-400x250.jpg&quot;,&quot;style&quot;:&quot;&quot;},{&quot;thumbcode&quot;:&quot;https:\\\/\\\/portalv1.com.br\\\/app\\\/wp-content\\\/uploads\\\/2021\\\/08\\\/2a252ecd-405d-4125-a374-42aa7a17b3fc-400x250.jpg&quot;,&quot;imageURL&quot;:&quot;https:\\\/\\\/portalv1.com.br\\\/app\\\/wp-content\\\/uploads\\\/2021\\\/08\\\/2a252ecd-405d-4125-a374-42aa7a17b3fc.jpg&quot;,&quot;pid&quot;:98222,&quot;galleryid&quot;:1,&quot;description&quot;:&quot;&quot;,&quot;alttext&quot;:&quot;Programa Busca Ativa Escolar realiza panfletagem de conscientiza\\u00e7\\u00e3o em Valen\\u00e7a&quot;,&quot;thumbnailURL&quot;:&quot;https:\\\/\\\/portalv1.com.br\\\/app\\\/wp-content\\\/uploads\\\/2021\\\/08\\\/2a252ecd-405d-4125-a374-42aa7a17b3fc-400x250.jpg&quot;,&quot;style&quot;:&quot;&quot;},{&quot;thumbcode&quot;:&quot;https:\\\/\\\/portalv1.com.br\\\/app\\\/wp-content\\\/uploads\\\/2021\\\/08\\\/4a851d66-80f3-4dbe-a04e-30c8a23e21d5-400x250.jpg&quot;,&quot;imageURL&quot;:&quot;https:\\\/\\\/portalv1.com.br\\\/app\\\/wp-content\\\/uploads\\\/2021\\\/08\\\/4a851d66-80f3-4dbe-a04e-30c8a23e21d5.jpg&quot;,&quot;pid&quot;:98223,&quot;galleryid&quot;:1,&quot;description&quot;:&quot;&quot;,&quot;alttext&quot;:&quot;Programa Busca Ativa Escolar realiza panfletagem de conscientiza\\u00e7\\u00e3o em Valen\\u00e7a&quot;,&quot;thumbnailURL&quot;:&quot;https:\\\/\\\/portalv1.com.br\\\/app\\\/wp-content\\\/uploads\\\/2021\\\/08\\\/4a851d66-80f3-4dbe-a04e-30c8a23e21d5-400x250.jpg&quot;,&quot;style&quot;:&quot;&quot;},{&quot;thumbcode&quot;:&quot;https:\\\/\\\/portalv1.com.br\\\/app\\\/wp-content\\\/uploads\\\/2021\\\/08\\\/4e5191c7-024e-4030-b3e5-062a14ebed78-400x250.jpg&quot;,&quot;imageURL&quot;:&quot;https:\\\/\\\/portalv1.com.br\\\/app\\\/wp-content\\\/uploads\\\/2021\\\/08\\\/4e5191c7-024e-4030-b3e5-062a14ebed78.jpg&quot;,&quot;pid&quot;:98224,&quot;galleryid&quot;:1,&quot;description&quot;:&quot;&quot;,&quot;alttext&quot;:&quot;Programa Busca Ativa Escolar realiza panfletagem de conscientiza\\u00e7\\u00e3o em Valen\\u00e7a&quot;,&quot;thumbnailURL&quot;:&quot;https:\\\/\\\/portalv1.com.br\\\/app\\\/wp-content\\\/uploads\\\/2021\\\/08\\\/4e5191c7-024e-4030-b3e5-062a14ebed78-400x250.jpg&quot;,&quot;style&quot;:&quot;&quot;},{&quot;thumbcode&quot;:&quot;https:\\\/\\\/portalv1.com.br\\\/app\\\/wp-content\\\/uploads\\\/2021\\\/08\\\/5eebf501-3199-4416-9b9b-85b4cb5b3a44-400x250.jpg&quot;,&quot;imageURL&quot;:&quot;https:\\\/\\\/portalv1.com.br\\\/app\\\/wp-content\\\/uploads\\\/2021\\\/08\\\/5eebf501-3199-4416-9b9b-85b4cb5b3a44.jpg&quot;,&quot;pid&quot;:98225,&quot;galleryid&quot;:1,&quot;description&quot;:&quot;&quot;,&quot;alttext&quot;:&quot;Programa Busca Ativa Escolar realiza panfletagem de conscientiza\\u00e7\\u00e3o em Valen\\u00e7a&quot;,&quot;thumbnailURL&quot;:&quot;https:\\\/\\\/portalv1.com.br\\\/app\\\/wp-content\\\/uploads\\\/2021\\\/08\\\/5eebf501-3199-4416-9b9b-85b4cb5b3a44-400x250.jpg&quot;,&quot;style&quot;:&quot;&quot;},{&quot;thumbcode&quot;:&quot;https:\\\/\\\/portalv1.com.br\\\/app\\\/wp-content\\\/uploads\\\/2021\\\/08\\\/6adf3e4e-fcc7-48a8-b844-80c48d86dcf2-400x250.jpg&quot;,&quot;imageURL&quot;:&quot;https:\\\/\\\/portalv1.com.br\\\/app\\\/wp-content\\\/uploads\\\/2021\\\/08\\\/6adf3e4e-fcc7-48a8-b844-80c48d86dcf2.jpg&quot;,&quot;pid&quot;:98226,&quot;galleryid&quot;:1,&quot;description&quot;:&quot;&quot;,&quot;alttext&quot;:&quot;Programa Busca Ativa Escolar realiza panfletagem de conscientiza\\u00e7\\u00e3o em Valen\\u00e7a&quot;,&quot;thumbnailURL&quot;:&quot;https:\\\/\\\/portalv1.com.br\\\/app\\\/wp-content\\\/uploads\\\/2021\\\/08\\\/6adf3e4e-fcc7-48a8-b844-80c48d86dcf2-400x250.jpg&quot;,&quot;style&quot;:&quot;&quot;},{&quot;thumbcode&quot;:&quot;https:\\\/\\\/portalv1.com.br\\\/app\\\/wp-content\\\/uploads\\\/2021\\\/08\\\/6fd9c329-fa94-44c5-9fa0-275c55a251ad-400x250.jpg&quot;,&quot;imageURL&quot;:&quot;https:\\\/\\\/portalv1.com.br\\\/app\\\/wp-content\\\/uploads\\\/2021\\\/08\\\/6fd9c329-fa94-44c5-9fa0-275c55a251ad.jpg&quot;,&quot;pid&quot;:98227,&quot;galleryid&quot;:1,&quot;description&quot;:&quot;&quot;,&quot;alttext&quot;:&quot;Programa Busca Ativa Escolar realiza panfletagem de conscientiza\\u00e7\\u00e3o em Valen\\u00e7a&quot;,&quot;thumbnailURL&quot;:&quot;https:\\\/\\\/portalv1.com.br\\\/app\\\/wp-content\\\/uploads\\\/2021\\\/08\\\/6fd9c329-fa94-44c5-9fa0-275c55a251ad-400x250.jpg&quot;,&quot;style&quot;:&quot;&quot;},{&quot;thumbcode&quot;:&quot;https:\\\/\\\/portalv1.com.br\\\/app\\\/wp-content\\\/uploads\\\/2021\\\/08\\\/6fef7c5d-463b-46a4-97b4-749057408533-400x250.jpg&quot;,&quot;imageURL&quot;:&quot;https:\\\/\\\/portalv1.com.br\\\/app\\\/wp-content\\\/uploads\\\/2021\\\/08\\\/6fef7c5d-463b-46a4-97b4-749057408533.jpg&quot;,&quot;pid&quot;:98228,&quot;galleryid&quot;:1,&quot;description&quot;:&quot;&quot;,&quot;alttext&quot;:&quot;Programa Busca Ativa Escolar realiza panfletagem de conscientiza\\u00e7\\u00e3o em Valen\\u00e7a&quot;,&quot;thumbnailURL&quot;:&quot;https:\\\/\\\/portalv1.com.br\\\/app\\\/wp-content\\\/uploads\\\/2021\\\/08\\\/6fef7c5d-463b-46a4-97b4-749057408533-400x250.jpg&quot;,&quot;style&quot;:&quot;&quot;},{&quot;thumbcode&quot;:&quot;https:\\\/\\\/portalv1.com.br\\\/app\\\/wp-content\\\/uploads\\\/2021\\\/08\\\/7b7390a4-b0bc-4e76-8cef-dc3a3ce7528f-400x250.jpg&quot;,&quot;imageURL&quot;:&quot;https:\\\/\\\/portalv1.com.br\\\/app\\\/wp-content\\\/uploads\\\/2021\\\/08\\\/7b7390a4-b0bc-4e76-8cef-dc3a3ce7528f.jpg&quot;,&quot;pid&quot;:98229,&quot;galleryid&quot;:1,&quot;description&quot;:&quot;&quot;,&quot;alttext&quot;:&quot;Programa Busca Ativa Escolar realiza panfletagem de conscientiza\\u00e7\\u00e3o em Valen\\u00e7a&quot;,&quot;thumbnailURL&quot;:&quot;https:\\\/\\\/portalv1.com.br\\\/app\\\/wp-content\\\/uploads\\\/2021\\\/08\\\/7b7390a4-b0bc-4e76-8cef-dc3a3ce7528f-400x250.jpg&quot;,&quot;style&quot;:&quot;&quot;},{&quot;thumbcode&quot;:&quot;https:\\\/\\\/portalv1.com.br\\\/app\\\/wp-content\\\/uploads\\\/2021\\\/08\\\/7d490b91-3dbd-4ba0-849e-67557ddd7391-400x250.jpg&quot;,&quot;imageURL&quot;:&quot;https:\\\/\\\/portalv1.com.br\\\/app\\\/wp-content\\\/uploads\\\/2021\\\/08\\\/7d490b91-3dbd-4ba0-849e-67557ddd7391.jpg&quot;,&quot;pid&quot;:98230,&quot;galleryid&quot;:1,&quot;description&quot;:&quot;&quot;,&quot;alttext&quot;:&quot;Programa Busca Ativa Escolar realiza panfletagem de conscientiza\\u00e7\\u00e3o em Valen\\u00e7a&quot;,&quot;thumbnailURL&quot;:&quot;https:\\\/\\\/portalv1.com.br\\\/app\\\/wp-content\\\/uploads\\\/2021\\\/08\\\/7d490b91-3dbd-4ba0-849e-67557ddd7391-400x250.jpg&quot;,&quot;style&quot;:&quot;&quot;},{&quot;thumbcode&quot;:&quot;https:\\\/\\\/portalv1.com.br\\\/app\\\/wp-content\\\/uploads\\\/2021\\\/08\\\/7db46eda-e137-4900-8217-fea7d3d96965-400x250.jpg&quot;,&quot;imageURL&quot;:&quot;https:\\\/\\\/portalv1.com.br\\\/app\\\/wp-content\\\/uploads\\\/2021\\\/08\\\/7db46eda-e137-4900-8217-fea7d3d96965.jpg&quot;,&quot;pid&quot;:98231,&quot;galleryid&quot;:1,&quot;description&quot;:&quot;&quot;,&quot;alttext&quot;:&quot;Programa Busca Ativa Escolar realiza panfletagem de conscientiza\\u00e7\\u00e3o em Valen\\u00e7a&quot;,&quot;thumbnailURL&quot;:&quot;https:\\\/\\\/portalv1.com.br\\\/app\\\/wp-content\\\/uploads\\\/2021\\\/08\\\/7db46eda-e137-4900-8217-fea7d3d96965-400x250.jpg&quot;,&quot;style&quot;:&quot;&quot;},{&quot;thumbcode&quot;:&quot;https:\\\/\\\/portalv1.com.br\\\/app\\\/wp-content\\\/uploads\\\/2021\\\/08\\\/8aa8d8b1-132c-4528-bb22-a695a9abec07-400x250.jpg&quot;,&quot;imageURL&quot;:&quot;https:\\\/\\\/portalv1.com.br\\\/app\\\/wp-content\\\/uploads\\\/2021\\\/08\\\/8aa8d8b1-132c-4528-bb22-a695a9abec07.jpg&quot;,&quot;pid&quot;:98232,&quot;galleryid&quot;:1,&quot;description&quot;:&quot;&quot;,&quot;alttext&quot;:&quot;Programa Busca Ativa Escolar realiza panfletagem de conscientiza\\u00e7\\u00e3o em Valen\\u00e7a&quot;,&quot;thumbnailURL&quot;:&quot;https:\\\/\\\/portalv1.com.br\\\/app\\\/wp-content\\\/uploads\\\/2021\\\/08\\\/8aa8d8b1-132c-4528-bb22-a695a9abec07-400x250.jpg&quot;,&quot;style&quot;:&quot;&quot;},{&quot;thumbcode&quot;:&quot;https:\\\/\\\/portalv1.com.br\\\/app\\\/wp-content\\\/uploads\\\/2021\\\/08\\\/8d1186f0-a20a-47e8-8708-2e814fa4b8ee-400x250.jpg&quot;,&quot;imageURL&quot;:&quot;https:\\\/\\\/portalv1.com.br\\\/app\\\/wp-content\\\/uploads\\\/2021\\\/08\\\/8d1186f0-a20a-47e8-8708-2e814fa4b8ee.jpg&quot;,&quot;pid&quot;:98233,&quot;galleryid&quot;:1,&quot;description&quot;:&quot;&quot;,&quot;alttext&quot;:&quot;Programa Busca Ativa Escolar realiza panfletagem de conscientiza\\u00e7\\u00e3o em Valen\\u00e7a&quot;,&quot;thumbnailURL&quot;:&quot;https:\\\/\\\/portalv1.com.br\\\/app\\\/wp-content\\\/uploads\\\/2021\\\/08\\\/8d1186f0-a20a-47e8-8708-2e814fa4b8ee-400x250.jpg&quot;,&quot;style&quot;:&quot;&quot;},{&quot;thumbcode&quot;:&quot;https:\\\/\\\/portalv1.com.br\\\/app\\\/wp-content\\\/uploads\\\/2021\\\/08\\\/8f6f9da7-3536-4a33-afe8-32bc465ee582-400x250.jpg&quot;,&quot;imageURL&quot;:&quot;https:\\\/\\\/portalv1.com.br\\\/app\\\/wp-content\\\/uploads\\\/2021\\\/08\\\/8f6f9da7-3536-4a33-afe8-32bc465ee582.jpg&quot;,&quot;pid&quot;:98234,&quot;galleryid&quot;:1,&quot;description&quot;:&quot;&quot;,&quot;alttext&quot;:&quot;Programa Busca Ativa Escolar realiza panfletagem de conscientiza\\u00e7\\u00e3o em Valen\\u00e7a&quot;,&quot;thumbnailURL&quot;:&quot;https:\\\/\\\/portalv1.com.br\\\/app\\\/wp-content\\\/uploads\\\/2021\\\/08\\\/8f6f9da7-3536-4a33-afe8-32bc465ee582-400x250.jpg&quot;,&quot;style&quot;:&quot;&quot;},{&quot;thumbcode&quot;:&quot;https:\\\/\\\/portalv1.com.br\\\/app\\\/wp-content\\\/uploads\\\/2021\\\/08\\\/9bf2c49b-44ff-4d75-979b-6968572aafbc-400x250.jpg&quot;,&quot;imageURL&quot;:&quot;https:\\\/\\\/portalv1.com.br\\\/app\\\/wp-content\\\/uploads\\\/2021\\\/08\\\/9bf2c49b-44ff-4d75-979b-6968572aafbc.jpg&quot;,&quot;pid&quot;:98235,&quot;galleryid&quot;:1,&quot;description&quot;:&quot;&quot;,&quot;alttext&quot;:&quot;Programa Busca Ativa Escolar realiza panfletagem de conscientiza\\u00e7\\u00e3o em Valen\\u00e7a&quot;,&quot;thumbnailURL&quot;:&quot;https:\\\/\\\/portalv1.com.br\\\/app\\\/wp-content\\\/uploads\\\/2021\\\/08\\\/9bf2c49b-44ff-4d75-979b-6968572aafbc-400x250.jpg&quot;,&quot;style&quot;:&quot;&quot;},{&quot;thumbcode&quot;:&quot;https:\\\/\\\/portalv1.com.br\\\/app\\\/wp-content\\\/uploads\\\/2021\\\/08\\\/9ed7f3af-1544-4fb1-9b4d-9e52099e7ed9-400x250.jpg&quot;,&quot;imageURL&quot;:&quot;https:\\\/\\\/portalv1.com.br\\\/app\\\/wp-content\\\/uploads\\\/2021\\\/08\\\/9ed7f3af-1544-4fb1-9b4d-9e52099e7ed9.jpg&quot;,&quot;pid&quot;:98236,&quot;galleryid&quot;:1,&quot;description&quot;:&quot;&quot;,&quot;alttext&quot;:&quot;Programa Busca Ativa Escolar realiza panfletagem de conscientiza\\u00e7\\u00e3o em Valen\\u00e7a&quot;,&quot;thumbnailURL&quot;:&quot;https:\\\/\\\/portalv1.com.br\\\/app\\\/wp-content\\\/uploads\\\/2021\\\/08\\\/9ed7f3af-1544-4fb1-9b4d-9e52099e7ed9-400x250.jpg&quot;,&quot;style&quot;:&quot;&quot;},{&quot;thumbcode&quot;:&quot;https:\\\/\\\/portalv1.com.br\\\/app\\\/wp-content\\\/uploads\\\/2021\\\/08\\\/10d799ff-ebea-4a65-9926-c6827b153ca0-400x250.jpg&quot;,&quot;imageURL&quot;:&quot;https:\\\/\\\/portalv1.com.br\\\/app\\\/wp-content\\\/uploads\\\/2021\\\/08\\\/10d799ff-ebea-4a65-9926-c6827b153ca0.jpg&quot;,&quot;pid&quot;:98237,&quot;galleryid&quot;:1,&quot;description&quot;:&quot;&quot;,&quot;alttext&quot;:&quot;Programa Busca Ativa Escolar realiza panfletagem de conscientiza\\u00e7\\u00e3o em Valen\\u00e7a&quot;,&quot;thumbnailURL&quot;:&quot;https:\\\/\\\/portalv1.com.br\\\/app\\\/wp-content\\\/uploads\\\/2021\\\/08\\\/10d799ff-ebea-4a65-9926-c6827b153ca0-400x250.jpg&quot;,&quot;style&quot;:&quot;&quot;},{&quot;thumbcode&quot;:&quot;https:\\\/\\\/portalv1.com.br\\\/app\\\/wp-content\\\/uploads\\\/2021\\\/08\\\/31dbb6d4-b0be-4fea-8536-c9fd243ff8bd-400x250.jpg&quot;,&quot;imageURL&quot;:&quot;https:\\\/\\\/portalv1.com.br\\\/app\\\/wp-content\\\/uploads\\\/2021\\\/08\\\/31dbb6d4-b0be-4fea-8536-c9fd243ff8bd.jpg&quot;,&quot;pid&quot;:98238,&quot;galleryid&quot;:1,&quot;description&quot;:&quot;&quot;,&quot;alttext&quot;:&quot;Programa Busca Ativa Escolar realiza panfletagem de conscientiza\\u00e7\\u00e3o em Valen\\u00e7a&quot;,&quot;thumbnailURL&quot;:&quot;https:\\\/\\\/portalv1.com.br\\\/app\\\/wp-content\\\/uploads\\\/2021\\\/08\\\/31dbb6d4-b0be-4fea-8536-c9fd243ff8bd-400x250.jpg&quot;,&quot;style&quot;:&quot;&quot;},{&quot;thumbcode&quot;:&quot;https:\\\/\\\/portalv1.com.br\\\/app\\\/wp-content\\\/uploads\\\/2021\\\/08\\\/42d550db-52e8-4460-8fad-13db8fd54b6b-400x250.jpg&quot;,&quot;imageURL&quot;:&quot;https:\\\/\\\/portalv1.com.br\\\/app\\\/wp-content\\\/uploads\\\/2021\\\/08\\\/42d550db-52e8-4460-8fad-13db8fd54b6b.jpg&quot;,&quot;pid&quot;:98239,&quot;galleryid&quot;:1,&quot;description&quot;:&quot;&quot;,&quot;alttext&quot;:&quot;Programa Busca Ativa Escolar realiza panfletagem de conscientiza\\u00e7\\u00e3o em Valen\\u00e7a&quot;,&quot;thumbnailURL&quot;:&quot;https:\\\/\\\/portalv1.com.br\\\/app\\\/wp-content\\\/uploads\\\/2021\\\/08\\\/42d550db-52e8-4460-8fad-13db8fd54b6b-400x250.jpg&quot;,&quot;style&quot;:&quot;&quot;},{&quot;thumbcode&quot;:&quot;https:\\\/\\\/portalv1.com.br\\\/app\\\/wp-content\\\/uploads\\\/2021\\\/08\\\/42f43869-3fde-423f-99b1-527eb7b9d12a-400x250.jpg&quot;,&quot;imageURL&quot;:&quot;https:\\\/\\\/portalv1.com.br\\\/app\\\/wp-content\\\/uploads\\\/2021\\\/08\\\/42f43869-3fde-423f-99b1-527eb7b9d12a.jpg&quot;,&quot;pid&quot;:98240,&quot;galleryid&quot;:1,&quot;description&quot;:&quot;&quot;,&quot;alttext&quot;:&quot;Programa Busca Ativa Escolar realiza panfletagem de conscientiza\\u00e7\\u00e3o em Valen\\u00e7a&quot;,&quot;thumbnailURL&quot;:&quot;https:\\\/\\\/portalv1.com.br\\\/app\\\/wp-content\\\/uploads\\\/2021\\\/08\\\/42f43869-3fde-423f-99b1-527eb7b9d12a-400x250.jpg&quot;,&quot;style&quot;:&quot;&quot;},{&quot;thumbcode&quot;:&quot;https:\\\/\\\/portalv1.com.br\\\/app\\\/wp-content\\\/uploads\\\/2021\\\/08\\\/60ad85b6-5466-4778-8ec8-652a114bb592-400x250.jpg&quot;,&quot;imageURL&quot;:&quot;https:\\\/\\\/portalv1.com.br\\\/app\\\/wp-content\\\/uploads\\\/2021\\\/08\\\/60ad85b6-5466-4778-8ec8-652a114bb592.jpg&quot;,&quot;pid&quot;:98241,&quot;galleryid&quot;:1,&quot;description&quot;:&quot;&quot;,&quot;alttext&quot;:&quot;Programa Busca Ativa Escolar realiza panfletagem de conscientiza\\u00e7\\u00e3o em Valen\\u00e7a&quot;,&quot;thumbnailURL&quot;:&quot;https:\\\/\\\/portalv1.com.br\\\/app\\\/wp-content\\\/uploads\\\/2021\\\/08\\\/60ad85b6-5466-4778-8ec8-652a114bb592-400x250.jpg&quot;,&quot;style&quot;:&quot;&quot;},{&quot;thumbcode&quot;:&quot;https:\\\/\\\/portalv1.com.br\\\/app\\\/wp-content\\\/uploads\\\/2021\\\/08\\\/63c768ac-4c67-4b62-b82f-0f01ff13dbd0-400x250.jpg&quot;,&quot;imageURL&quot;:&quot;https:\\\/\\\/portalv1.com.br\\\/app\\\/wp-content\\\/uploads\\\/2021\\\/08\\\/63c768ac-4c67-4b62-b82f-0f01ff13dbd0.jpg&quot;,&quot;pid&quot;:98242,&quot;galleryid&quot;:1,&quot;description&quot;:&quot;&quot;,&quot;alttext&quot;:&quot;Programa Busca Ativa Escolar realiza panfletagem de conscientiza\\u00e7\\u00e3o em Valen\\u00e7a&quot;,&quot;thumbnailURL&quot;:&quot;https:\\\/\\\/portalv1.com.br\\\/app\\\/wp-content\\\/uploads\\\/2021\\\/08\\\/63c768ac-4c67-4b62-b82f-0f01ff13dbd0-400x250.jpg&quot;,&quot;style&quot;:&quot;&quot;},{&quot;thumbcode&quot;:&quot;https:\\\/\\\/portalv1.com.br\\\/app\\\/wp-content\\\/uploads\\\/2021\\\/08\\\/90c6cc36-c305-4dc3-81be-52da6b2fff42-400x250.jpg&quot;,&quot;imageURL&quot;:&quot;https:\\\/\\\/portalv1.com.br\\\/app\\\/wp-content\\\/uploads\\\/2021\\\/08\\\/90c6cc36-c305-4dc3-81be-52da6b2fff42.jpg&quot;,&quot;pid&quot;:98243,&quot;galleryid&quot;:1,&quot;description&quot;:&quot;&quot;,&quot;alttext&quot;:&quot;Programa Busca Ativa Escolar realiza panfletagem de conscientiza\\u00e7\\u00e3o em Valen\\u00e7a&quot;,&quot;thumbnailURL&quot;:&quot;https:\\\/\\\/portalv1.com.br\\\/app\\\/wp-content\\\/uploads\\\/2021\\\/08\\\/90c6cc36-c305-4dc3-81be-52da6b2fff42-400x250.jpg&quot;,&quot;style&quot;:&quot;&quot;},{&quot;thumbcode&quot;:&quot;https:\\\/\\\/portalv1.com.br\\\/app\\\/wp-content\\\/uploads\\\/2021\\\/08\\\/611d075d-6ca9-4708-8e23-08cd4eaa7b07-400x250.jpg&quot;,&quot;imageURL&quot;:&quot;https:\\\/\\\/portalv1.com.br\\\/app\\\/wp-content\\\/uploads\\\/2021\\\/08\\\/611d075d-6ca9-4708-8e23-08cd4eaa7b07.jpg&quot;,&quot;pid&quot;:98244,&quot;galleryid&quot;:1,&quot;description&quot;:&quot;&quot;,&quot;alttext&quot;:&quot;Programa Busca Ativa Escolar realiza panfletagem de conscientiza\\u00e7\\u00e3o em Valen\\u00e7a&quot;,&quot;thumbnailURL&quot;:&quot;https:\\\/\\\/portalv1.com.br\\\/app\\\/wp-content\\\/uploads\\\/2021\\\/08\\\/611d075d-6ca9-4708-8e23-08cd4eaa7b07-400x250.jpg&quot;,&quot;style&quot;:&quot;&quot;},{&quot;thumbcode&quot;:&quot;https:\\\/\\\/portalv1.com.br\\\/app\\\/wp-content\\\/uploads\\\/2021\\\/08\\\/631b0182-9e18-4155-998f-dc2c4bb0e3de-400x250.jpg&quot;,&quot;imageURL&quot;:&quot;https:\\\/\\\/portalv1.com.br\\\/app\\\/wp-content\\\/uploads\\\/2021\\\/08\\\/631b0182-9e18-4155-998f-dc2c4bb0e3de.jpg&quot;,&quot;pid&quot;:98245,&quot;galleryid&quot;:1,&quot;description&quot;:&quot;&quot;,&quot;alttext&quot;:&quot;Programa Busca Ativa Escolar realiza panfletagem de conscientiza\\u00e7\\u00e3o em Valen\\u00e7a&quot;,&quot;thumbnailURL&quot;:&quot;https:\\\/\\\/portalv1.com.br\\\/app\\\/wp-content\\\/uploads\\\/2021\\\/08\\\/631b0182-9e18-4155-998f-dc2c4bb0e3de-400x250.jpg&quot;,&quot;style&quot;:&quot;&quot;},{&quot;thumbcode&quot;:&quot;https:\\\/\\\/portalv1.com.br\\\/app\\\/wp-content\\\/uploads\\\/2021\\\/08\\\/2409de35-9fcb-4460-a87c-49820a389f80-400x250.jpg&quot;,&quot;imageURL&quot;:&quot;https:\\\/\\\/portalv1.com.br\\\/app\\\/wp-content\\\/uploads\\\/2021\\\/08\\\/2409de35-9fcb-4460-a87c-49820a389f80.jpg&quot;,&quot;pid&quot;:98246,&quot;galleryid&quot;:1,&quot;description&quot;:&quot;&quot;,&quot;alttext&quot;:&quot;Programa Busca Ativa Escolar realiza panfletagem de conscientiza\\u00e7\\u00e3o em Valen\\u00e7a&quot;,&quot;thumbnailURL&quot;:&quot;https:\\\/\\\/portalv1.com.br\\\/app\\\/wp-content\\\/uploads\\\/2021\\\/08\\\/2409de35-9fcb-4460-a87c-49820a389f80-400x250.jpg&quot;,&quot;style&quot;:&quot;&quot;},{&quot;thumbcode&quot;:&quot;https:\\\/\\\/portalv1.com.br\\\/app\\\/wp-content\\\/uploads\\\/2021\\\/08\\\/2852ec65-504e-465b-9bd9-9ab113b19f3a-400x250.jpg&quot;,&quot;imageURL&quot;:&quot;https:\\\/\\\/portalv1.com.br\\\/app\\\/wp-content\\\/uploads\\\/2021\\\/08\\\/2852ec65-504e-465b-9bd9-9ab113b19f3a.jpg&quot;,&quot;pid&quot;:98247,&quot;galleryid&quot;:1,&quot;description&quot;:&quot;&quot;,&quot;alttext&quot;:&quot;Programa Busca Ativa Escolar realiza panfletagem de conscientiza\\u00e7\\u00e3o em Valen\\u00e7a&quot;,&quot;thumbnailURL&quot;:&quot;https:\\\/\\\/portalv1.com.br\\\/app\\\/wp-content\\\/uploads\\\/2021\\\/08\\\/2852ec65-504e-465b-9bd9-9ab113b19f3a-400x250.jpg&quot;,&quot;style&quot;:&quot;&quot;},{&quot;thumbcode&quot;:&quot;https:\\\/\\\/portalv1.com.br\\\/app\\\/wp-content\\\/uploads\\\/2021\\\/08\\\/5027dcee-4b48-44c1-a26d-d288073b77a3-400x250.jpg&quot;,&quot;imageURL&quot;:&quot;https:\\\/\\\/portalv1.com.br\\\/app\\\/wp-content\\\/uploads\\\/2021\\\/08\\\/5027dcee-4b48-44c1-a26d-d288073b77a3.jpg&quot;,&quot;pid&quot;:98248,&quot;galleryid&quot;:1,&quot;description&quot;:&quot;&quot;,&quot;alttext&quot;:&quot;Programa Busca Ativa Escolar realiza panfletagem de conscientiza\\u00e7\\u00e3o em Valen\\u00e7a&quot;,&quot;thumbnailURL&quot;:&quot;https:\\\/\\\/portalv1.com.br\\\/app\\\/wp-content\\\/uploads\\\/2021\\\/08\\\/5027dcee-4b48-44c1-a26d-d288073b77a3-400x250.jpg&quot;,&quot;style&quot;:&quot;&quot;},{&quot;thumbcode&quot;:&quot;https:\\\/\\\/portalv1.com.br\\\/app\\\/wp-content\\\/uploads\\\/2021\\\/08\\\/5753f7b2-82f4-42c1-933c-b45d1a81dba0-400x250.jpg&quot;,&quot;imageURL&quot;:&quot;https:\\\/\\\/portalv1.com.br\\\/app\\\/wp-content\\\/uploads\\\/2021\\\/08\\\/5753f7b2-82f4-42c1-933c-b45d1a81dba0.jpg&quot;,&quot;pid&quot;:98249,&quot;galleryid&quot;:1,&quot;description&quot;:&quot;&quot;,&quot;alttext&quot;:&quot;Programa Busca Ativa Escolar realiza panfletagem de conscientiza\\u00e7\\u00e3o em Valen\\u00e7a&quot;,&quot;thumbnailURL&quot;:&quot;https:\\\/\\\/portalv1.com.br\\\/app\\\/wp-content\\\/uploads\\\/2021\\\/08\\\/5753f7b2-82f4-42c1-933c-b45d1a81dba0-400x250.jpg&quot;,&quot;style&quot;:&quot;&quot;},{&quot;thumbcode&quot;:&quot;https:\\\/\\\/portalv1.com.br\\\/app\\\/wp-content\\\/uploads\\\/2021\\\/08\\\/7589bdad-43e2-4339-b0d4-5fd08a17c86f-400x250.jpg&quot;,&quot;imageURL&quot;:&quot;https:\\\/\\\/portalv1.com.br\\\/app\\\/wp-content\\\/uploads\\\/2021\\\/08\\\/7589bdad-43e2-4339-b0d4-5fd08a17c86f.jpg&quot;,&quot;pid&quot;:98250,&quot;galleryid&quot;:1,&quot;description&quot;:&quot;&quot;,&quot;alttext&quot;:&quot;Programa Busca Ativa Escolar realiza panfletagem de conscientiza\\u00e7\\u00e3o em Valen\\u00e7a&quot;,&quot;thumbnailURL&quot;:&quot;https:\\\/\\\/portalv1.com.br\\\/app\\\/wp-content\\\/uploads\\\/2021\\\/08\\\/7589bdad-43e2-4339-b0d4-5fd08a17c86f-400x250.jpg&quot;,&quot;style&quot;:&quot;&quot;},{&quot;thumbcode&quot;:&quot;https:\\\/\\\/portalv1.com.br\\\/app\\\/wp-content\\\/uploads\\\/2021\\\/08\\\/8479c25c-b84a-4144-9139-dd0a2893b8c4-400x250.jpg&quot;,&quot;imageURL&quot;:&quot;https:\\\/\\\/portalv1.com.br\\\/app\\\/wp-content\\\/uploads\\\/2021\\\/08\\\/8479c25c-b84a-4144-9139-dd0a2893b8c4.jpg&quot;,&quot;pid&quot;:98251,&quot;galleryid&quot;:1,&quot;description&quot;:&quot;&quot;,&quot;alttext&quot;:&quot;Programa Busca Ativa Escolar realiza panfletagem de conscientiza\\u00e7\\u00e3o em Valen\\u00e7a&quot;,&quot;thumbnailURL&quot;:&quot;https:\\\/\\\/portalv1.com.br\\\/app\\\/wp-content\\\/uploads\\\/2021\\\/08\\\/8479c25c-b84a-4144-9139-dd0a2893b8c4-400x250.jpg&quot;,&quot;style&quot;:&quot;&quot;},{&quot;thumbcode&quot;:&quot;https:\\\/\\\/portalv1.com.br\\\/app\\\/wp-content\\\/uploads\\\/2021\\\/08\\\/8831c575-85ec-4e5e-a17e-a63fcf3f8919-400x250.jpg&quot;,&quot;imageURL&quot;:&quot;https:\\\/\\\/portalv1.com.br\\\/app\\\/wp-content\\\/uploads\\\/2021\\\/08\\\/8831c575-85ec-4e5e-a17e-a63fcf3f8919.jpg&quot;,&quot;pid&quot;:98252,&quot;galleryid&quot;:1,&quot;description&quot;:&quot;&quot;,&quot;alttext&quot;:&quot;Programa Busca Ativa Escolar realiza panfletagem de conscientiza\\u00e7\\u00e3o em Valen\\u00e7a&quot;,&quot;thumbnailURL&quot;:&quot;https:\\\/\\\/portalv1.com.br\\\/app\\\/wp-content\\\/uploads\\\/2021\\\/08\\\/8831c575-85ec-4e5e-a17e-a63fcf3f8919-400x250.jpg&quot;,&quot;style&quot;:&quot;&quot;},{&quot;thumbcode&quot;:&quot;https:\\\/\\\/portalv1.com.br\\\/app\\\/wp-content\\\/uploads\\\/2021\\\/08\\\/15189fae-bbf7-4d62-9787-ae10a5e5bb7f-400x250.jpg&quot;,&quot;imageURL&quot;:&quot;https:\\\/\\\/portalv1.com.br\\\/app\\\/wp-content\\\/uploads\\\/2021\\\/08\\\/15189fae-bbf7-4d62-9787-ae10a5e5bb7f.jpg&quot;,&quot;pid&quot;:98253,&quot;galleryid&quot;:1,&quot;description&quot;:&quot;&quot;,&quot;alttext&quot;:&quot;Programa Busca Ativa Escolar realiza panfletagem de conscientiza\\u00e7\\u00e3o em Valen\\u00e7a&quot;,&quot;thumbnailURL&quot;:&quot;https:\\\/\\\/portalv1.com.br\\\/app\\\/wp-content\\\/uploads\\\/2021\\\/08\\\/15189fae-bbf7-4d62-9787-ae10a5e5bb7f-400x250.jpg&quot;,&quot;style&quot;:&quot;&quot;},{&quot;thumbcode&quot;:&quot;https:\\\/\\\/portalv1.com.br\\\/app\\\/wp-content\\\/uploads\\\/2021\\\/08\\\/56595e94-b443-43b6-ad7a-e158d2689c63-400x250.jpg&quot;,&quot;imageURL&quot;:&quot;https:\\\/\\\/portalv1.com.br\\\/app\\\/wp-content\\\/uploads\\\/2021\\\/08\\\/56595e94-b443-43b6-ad7a-e158d2689c63.jpg&quot;,&quot;pid&quot;:98254,&quot;galleryid&quot;:1,&quot;description&quot;:&quot;&quot;,&quot;alttext&quot;:&quot;Programa Busca Ativa Escolar realiza panfletagem de conscientiza\\u00e7\\u00e3o em Valen\\u00e7a&quot;,&quot;thumbnailURL&quot;:&quot;https:\\\/\\\/portalv1.com.br\\\/app\\\/wp-content\\\/uploads\\\/2021\\\/08\\\/56595e94-b443-43b6-ad7a-e158d2689c63-400x250.jpg&quot;,&quot;style&quot;:&quot;&quot;},{&quot;thumbcode&quot;:&quot;https:\\\/\\\/portalv1.com.br\\\/app\\\/wp-content\\\/uploads\\\/2021\\\/08\\\/1160879e-f126-4d99-83cc-64f01a3a3d1a-400x250.jpg&quot;,&quot;imageURL&quot;:&quot;https:\\\/\\\/portalv1.com.br\\\/app\\\/wp-content\\\/uploads\\\/2021\\\/08\\\/1160879e-f126-4d99-83cc-64f01a3a3d1a.jpg&quot;,&quot;pid&quot;:98255,&quot;galleryid&quot;:1,&quot;description&quot;:&quot;&quot;,&quot;alttext&quot;:&quot;Programa Busca Ativa Escolar realiza panfletagem de conscientiza\\u00e7\\u00e3o em Valen\\u00e7a&quot;,&quot;thumbnailURL&quot;:&quot;https:\\\/\\\/portalv1.com.br\\\/app\\\/wp-content\\\/uploads\\\/2021\\\/08\\\/1160879e-f126-4d99-83cc-64f01a3a3d1a-400x250.jpg&quot;,&quot;style&quot;:&quot;&quot;},{&quot;thumbcode&quot;:&quot;https:\\\/\\\/portalv1.com.br\\\/app\\\/wp-content\\\/uploads\\\/2021\\\/08\\\/a3fc8953-90c4-4b5a-b7ca-7b9612b06a4f-400x250.jpg&quot;,&quot;imageURL&quot;:&quot;https:\\\/\\\/portalv1.com.br\\\/app\\\/wp-content\\\/uploads\\\/2021\\\/08\\\/a3fc8953-90c4-4b5a-b7ca-7b9612b06a4f.jpg&quot;,&quot;pid&quot;:98256,&quot;galleryid&quot;:1,&quot;description&quot;:&quot;&quot;,&quot;alttext&quot;:&quot;Programa Busca Ativa Escolar realiza panfletagem de conscientiza\\u00e7\\u00e3o em Valen\\u00e7a&quot;,&quot;thumbnailURL&quot;:&quot;https:\\\/\\\/portalv1.com.br\\\/app\\\/wp-content\\\/uploads\\\/2021\\\/08\\\/a3fc8953-90c4-4b5a-b7ca-7b9612b06a4f-400x250.jpg&quot;,&quot;style&quot;:&quot;&quot;},{&quot;thumbcode&quot;:&quot;https:\\\/\\\/portalv1.com.br\\\/app\\\/wp-content\\\/uploads\\\/2021\\\/08\\\/a4cd0185-30af-41ce-b74f-fdee0ee1dc84-400x250.jpg&quot;,&quot;imageURL&quot;:&quot;https:\\\/\\\/portalv1.com.br\\\/app\\\/wp-content\\\/uploads\\\/2021\\\/08\\\/a4cd0185-30af-41ce-b74f-fdee0ee1dc84.jpg&quot;,&quot;pid&quot;:98257,&quot;galleryid&quot;:1,&quot;description&quot;:&quot;&quot;,&quot;alttext&quot;:&quot;Programa Busca Ativa Escolar realiza panfletagem de conscientiza\\u00e7\\u00e3o em Valen\\u00e7a&quot;,&quot;thumbnailURL&quot;:&quot;https:\\\/\\\/portalv1.com.br\\\/app\\\/wp-content\\\/uploads\\\/2021\\\/08\\\/a4cd0185-30af-41ce-b74f-fdee0ee1dc84-400x250.jpg&quot;,&quot;style&quot;:&quot;&quot;},{&quot;thumbcode&quot;:&quot;https:\\\/\\\/portalv1.com.br\\\/app\\\/wp-content\\\/uploads\\\/2021\\\/08\\\/a3037372-ed63-4700-b4ea-71ea3ae064af-400x250.jpg&quot;,&quot;imageURL&quot;:&quot;https:\\\/\\\/portalv1.com.br\\\/app\\\/wp-content\\\/uploads\\\/2021\\\/08\\\/a3037372-ed63-4700-b4ea-71ea3ae064af.jpg&quot;,&quot;pid&quot;:98258,&quot;galleryid&quot;:1,&quot;description&quot;:&quot;&quot;,&quot;alttext&quot;:&quot;Programa Busca Ativa Escolar realiza panfletagem de conscientiza\\u00e7\\u00e3o em Valen\\u00e7a&quot;,&quot;thumbnailURL&quot;:&quot;https:\\\/\\\/portalv1.com.br\\\/app\\\/wp-content\\\/uploads\\\/2021\\\/08\\\/a3037372-ed63-4700-b4ea-71ea3ae064af-400x250.jpg&quot;,&quot;style&quot;:&quot;&quot;},{&quot;thumbcode&quot;:&quot;https:\\\/\\\/portalv1.com.br\\\/app\\\/wp-content\\\/uploads\\\/2021\\\/08\\\/ad2f6382-57c8-4431-90ee-f441fc9b6c58-400x250.jpg&quot;,&quot;imageURL&quot;:&quot;https:\\\/\\\/portalv1.com.br\\\/app\\\/wp-content\\\/uploads\\\/2021\\\/08\\\/ad2f6382-57c8-4431-90ee-f441fc9b6c58.jpg&quot;,&quot;pid&quot;:98259,&quot;galleryid&quot;:1,&quot;description&quot;:&quot;&quot;,&quot;alttext&quot;:&quot;Programa Busca Ativa Escolar realiza panfletagem de conscientiza\\u00e7\\u00e3o em Valen\\u00e7a&quot;,&quot;thumbnailURL&quot;:&quot;https:\\\/\\\/portalv1.com.br\\\/app\\\/wp-content\\\/uploads\\\/2021\\\/08\\\/ad2f6382-57c8-4431-90ee-f441fc9b6c58-400x250.jpg&quot;,&quot;style&quot;:&quot;&quot;},{&quot;thumbcode&quot;:&quot;https:\\\/\\\/portalv1.com.br\\\/app\\\/wp-content\\\/uploads\\\/2021\\\/08\\\/aead5038-7cf4-4d08-b681-262fcd8ad172-400x250.jpg&quot;,&quot;imageURL&quot;:&quot;https:\\\/\\\/portalv1.com.br\\\/app\\\/wp-content\\\/uploads\\\/2021\\\/08\\\/aead5038-7cf4-4d08-b681-262fcd8ad172.jpg&quot;,&quot;pid&quot;:98260,&quot;galleryid&quot;:1,&quot;description&quot;:&quot;&quot;,&quot;alttext&quot;:&quot;Programa Busca Ativa Escolar realiza panfletagem de conscientiza\\u00e7\\u00e3o em Valen\\u00e7a&quot;,&quot;thumbnailURL&quot;:&quot;https:\\\/\\\/portalv1.com.br\\\/app\\\/wp-content\\\/uploads\\\/2021\\\/08\\\/aead5038-7cf4-4d08-b681-262fcd8ad172-400x250.jpg&quot;,&quot;style&quot;:&quot;&quot;},{&quot;thumbcode&quot;:&quot;https:\\\/\\\/portalv1.com.br\\\/app\\\/wp-content\\\/uploads\\\/2021\\\/08\\\/bc444694-d78a-46a0-849e-61af75483bdb-400x250.jpg&quot;,&quot;imageURL&quot;:&quot;https:\\\/\\\/portalv1.com.br\\\/app\\\/wp-content\\\/uploads\\\/2021\\\/08\\\/bc444694-d78a-46a0-849e-61af75483bdb.jpg&quot;,&quot;pid&quot;:98261,&quot;galleryid&quot;:1,&quot;description&quot;:&quot;&quot;,&quot;alttext&quot;:&quot;Programa Busca Ativa Escolar realiza panfletagem de conscientiza\\u00e7\\u00e3o em Valen\\u00e7a&quot;,&quot;thumbnailURL&quot;:&quot;https:\\\/\\\/portalv1.com.br\\\/app\\\/wp-content\\\/uploads\\\/2021\\\/08\\\/bc444694-d78a-46a0-849e-61af75483bdb-400x250.jpg&quot;,&quot;style&quot;:&quot;&quot;},{&quot;thumbcode&quot;:&quot;https:\\\/\\\/portalv1.com.br\\\/app\\\/wp-content\\\/uploads\\\/2021\\\/08\\\/bd8edd0b-c87f-4322-96ac-f705492c9632-400x250.jpg&quot;,&quot;imageURL&quot;:&quot;https:\\\/\\\/portalv1.com.br\\\/app\\\/wp-content\\\/uploads\\\/2021\\\/08\\\/bd8edd0b-c87f-4322-96ac-f705492c9632.jpg&quot;,&quot;pid&quot;:98262,&quot;galleryid&quot;:1,&quot;description&quot;:&quot;&quot;,&quot;alttext&quot;:&quot;Programa Busca Ativa Escolar realiza panfletagem de conscientiza\\u00e7\\u00e3o em Valen\\u00e7a&quot;,&quot;thumbnailURL&quot;:&quot;https:\\\/\\\/portalv1.com.br\\\/app\\\/wp-content\\\/uploads\\\/2021\\\/08\\\/bd8edd0b-c87f-4322-96ac-f705492c9632-400x250.jpg&quot;,&quot;style&quot;:&quot;&quot;},{&quot;thumbcode&quot;:&quot;https:\\\/\\\/portalv1.com.br\\\/app\\\/wp-content\\\/uploads\\\/2021\\\/08\\\/c4a50b0f-f3df-4b2e-bf5a-f6217932bffc-400x250.jpg&quot;,&quot;imageURL&quot;:&quot;https:\\\/\\\/portalv1.com.br\\\/app\\\/wp-content\\\/uploads\\\/2021\\\/08\\\/c4a50b0f-f3df-4b2e-bf5a-f6217932bffc.jpg&quot;,&quot;pid&quot;:98263,&quot;galleryid&quot;:1,&quot;description&quot;:&quot;&quot;,&quot;alttext&quot;:&quot;Programa Busca Ativa Escolar realiza panfletagem de conscientiza\\u00e7\\u00e3o em Valen\\u00e7a&quot;,&quot;thumbnailURL&quot;:&quot;https:\\\/\\\/portalv1.com.br\\\/app\\\/wp-content\\\/uploads\\\/2021\\\/08\\\/c4a50b0f-f3df-4b2e-bf5a-f6217932bffc-400x250.jpg&quot;,&quot;style&quot;:&quot;&quot;},{&quot;thumbcode&quot;:&quot;https:\\\/\\\/portalv1.com.br\\\/app\\\/wp-content\\\/uploads\\\/2021\\\/08\\\/c431c786-7a11-4027-9c6f-849a3f0566f0-400x250.jpg&quot;,&quot;imageURL&quot;:&quot;https:\\\/\\\/portalv1.com.br\\\/app\\\/wp-content\\\/uploads\\\/2021\\\/08\\\/c431c786-7a11-4027-9c6f-849a3f0566f0.jpg&quot;,&quot;pid&quot;:98264,&quot;galleryid&quot;:1,&quot;description&quot;:&quot;&quot;,&quot;alttext&quot;:&quot;Programa Busca Ativa Escolar realiza panfletagem de conscientiza\\u00e7\\u00e3o em Valen\\u00e7a&quot;,&quot;thumbnailURL&quot;:&quot;https:\\\/\\\/portalv1.com.br\\\/app\\\/wp-content\\\/uploads\\\/2021\\\/08\\\/c431c786-7a11-4027-9c6f-849a3f0566f0-400x250.jpg&quot;,&quot;style&quot;:&quot;&quot;},{&quot;thumbcode&quot;:&quot;https:\\\/\\\/portalv1.com.br\\\/app\\\/wp-content\\\/uploads\\\/2021\\\/08\\\/c4450ffe-5d28-4cd9-8a90-3e9ab8696e87-400x250.jpg&quot;,&quot;imageURL&quot;:&quot;https:\\\/\\\/portalv1.com.br\\\/app\\\/wp-content\\\/uploads\\\/2021\\\/08\\\/c4450ffe-5d28-4cd9-8a90-3e9ab8696e87.jpg&quot;,&quot;pid&quot;:98265,&quot;galleryid&quot;:1,&quot;description&quot;:&quot;&quot;,&quot;alttext&quot;:&quot;Programa Busca Ativa Escolar realiza panfletagem de conscientiza\\u00e7\\u00e3o em Valen\\u00e7a&quot;,&quot;thumbnailURL&quot;:&quot;https:\\\/\\\/portalv1.com.br\\\/app\\\/wp-content\\\/uploads\\\/2021\\\/08\\\/c4450ffe-5d28-4cd9-8a90-3e9ab8696e87-400x250.jpg&quot;,&quot;style&quot;:&quot;&quot;},{&quot;thumbcode&quot;:&quot;https:\\\/\\\/portalv1.com.br\\\/app\\\/wp-content\\\/uploads\\\/2021\\\/08\\\/c6303978-ab73-4cba-99ec-6532031c97b2-400x250.jpg&quot;,&quot;imageURL&quot;:&quot;https:\\\/\\\/portalv1.com.br\\\/app\\\/wp-content\\\/uploads\\\/2021\\\/08\\\/c6303978-ab73-4cba-99ec-6532031c97b2.jpg&quot;,&quot;pid&quot;:98266,&quot;galleryid&quot;:1,&quot;description&quot;:&quot;&quot;,&quot;alttext&quot;:&quot;Programa Busca Ativa Escolar realiza panfletagem de conscientiza\\u00e7\\u00e3o em Valen\\u00e7a&quot;,&quot;thumbnailURL&quot;:&quot;https:\\\/\\\/portalv1.com.br\\\/app\\\/wp-content\\\/uploads\\\/2021\\\/08\\\/c6303978-ab73-4cba-99ec-6532031c97b2-400x250.jpg&quot;,&quot;style&quot;:&quot;&quot;},{&quot;thumbcode&quot;:&quot;https:\\\/\\\/portalv1.com.br\\\/app\\\/wp-content\\\/uploads\\\/2021\\\/08\\\/cf4a502a-850e-4f29-9a68-2e755302f842-400x250.jpg&quot;,&quot;imageURL&quot;:&quot;https:\\\/\\\/portalv1.com.br\\\/app\\\/wp-content\\\/uploads\\\/2021\\\/08\\\/cf4a502a-850e-4f29-9a68-2e755302f842.jpg&quot;,&quot;pid&quot;:98267,&quot;galleryid&quot;:1,&quot;description&quot;:&quot;&quot;,&quot;alttext&quot;:&quot;Programa Busca Ativa Escolar realiza panfletagem de conscientiza\\u00e7\\u00e3o em Valen\\u00e7a&quot;,&quot;thumbnailURL&quot;:&quot;https:\\\/\\\/portalv1.com.br\\\/app\\\/wp-content\\\/uploads\\\/2021\\\/08\\\/cf4a502a-850e-4f29-9a68-2e755302f842-400x250.jpg&quot;,&quot;style&quot;:&quot;&quot;},{&quot;thumbcode&quot;:&quot;https:\\\/\\\/portalv1.com.br\\\/app\\\/wp-content\\\/uploads\\\/2021\\\/08\\\/d697fdb9-3614-43dd-b1f1-ebcff29f68be-400x250.jpg&quot;,&quot;imageURL&quot;:&quot;https:\\\/\\\/portalv1.com.br\\\/app\\\/wp-content\\\/uploads\\\/2021\\\/08\\\/d697fdb9-3614-43dd-b1f1-ebcff29f68be.jpg&quot;,&quot;pid&quot;:98268,&quot;galleryid&quot;:1,&quot;description&quot;:&quot;&quot;,&quot;alttext&quot;:&quot;Programa Busca Ativa Escolar realiza panfletagem de conscientiza\\u00e7\\u00e3o em Valen\\u00e7a&quot;,&quot;thumbnailURL&quot;:&quot;https:\\\/\\\/portalv1.com.br\\\/app\\\/wp-content\\\/uploads\\\/2021\\\/08\\\/d697fdb9-3614-43dd-b1f1-ebcff29f68be-400x250.jpg&quot;,&quot;style&quot;:&quot;&quot;},{&quot;thumbcode&quot;:&quot;https:\\\/\\\/portalv1.com.br\\\/app\\\/wp-content\\\/uploads\\\/2021\\\/08\\\/e3a24045-df97-4968-b01b-9e96e50f6f99-400x250.jpg&quot;,&quot;imageURL&quot;:&quot;https:\\\/\\\/portalv1.com.br\\\/app\\\/wp-content\\\/uploads\\\/2021\\\/08\\\/e3a24045-df97-4968-b01b-9e96e50f6f99.jpg&quot;,&quot;pid&quot;:98269,&quot;galleryid&quot;:1,&quot;description&quot;:&quot;&quot;,&quot;alttext&quot;:&quot;Programa Busca Ativa Escolar realiza panfletagem de conscientiza\\u00e7\\u00e3o em Valen\\u00e7a&quot;,&quot;thumbnailURL&quot;:&quot;https:\\\/\\\/portalv1.com.br\\\/app\\\/wp-content\\\/uploads\\\/2021\\\/08\\\/e3a24045-df97-4968-b01b-9e96e50f6f99-400x250.jpg&quot;,&quot;style&quot;:&quot;&quot;},{&quot;thumbcode&quot;:&quot;https:\\\/\\\/portalv1.com.br\\\/app\\\/wp-content\\\/uploads\\\/2021\\\/08\\\/e96d916b-21a9-438a-beb6-94d5c9db6951-400x250.jpg&quot;,&quot;imageURL&quot;:&quot;https:\\\/\\\/portalv1.com.br\\\/app\\\/wp-content\\\/uploads\\\/2021\\\/08\\\/e96d916b-21a9-438a-beb6-94d5c9db6951.jpg&quot;,&quot;pid&quot;:98270,&quot;galleryid&quot;:1,&quot;description&quot;:&quot;&quot;,&quot;alttext&quot;:&quot;Programa Busca Ativa Escolar realiza panfletagem de conscientiza\\u00e7\\u00e3o em Valen\\u00e7a&quot;,&quot;thumbnailURL&quot;:&quot;https:\\\/\\\/portalv1.com.br\\\/app\\\/wp-content\\\/uploads\\\/2021\\\/08\\\/e96d916b-21a9-438a-beb6-94d5c9db6951-400x250.jpg&quot;,&quot;style&quot;:&quot;&quot;},{&quot;thumbcode&quot;:&quot;https:\\\/\\\/portalv1.com.br\\\/app\\\/wp-content\\\/uploads\\\/2021\\\/08\\\/f1c98b6e-169f-4bd0-8277-a5b9eb182062-400x250.jpg&quot;,&quot;imageURL&quot;:&quot;https:\\\/\\\/portalv1.com.br\\\/app\\\/wp-content\\\/uploads\\\/2021\\\/08\\\/f1c98b6e-169f-4bd0-8277-a5b9eb182062.jpg&quot;,&quot;pid&quot;:98271,&quot;galleryid&quot;:1,&quot;description&quot;:&quot;&quot;,&quot;alttext&quot;:&quot;Programa Busca Ativa Escolar realiza panfletagem de conscientiza\\u00e7\\u00e3o em Valen\\u00e7a&quot;,&quot;thumbnailURL&quot;:&quot;https:\\\/\\\/portalv1.com.br\\\/app\\\/wp-content\\\/uploads\\\/2021\\\/08\\\/f1c98b6e-169f-4bd0-8277-a5b9eb182062-400x250.jpg&quot;,&quot;style&quot;:&quot;&quot;},{&quot;thumbcode&quot;:&quot;https:\\\/\\\/portalv1.com.br\\\/app\\\/wp-content\\\/uploads\\\/2021\\\/08\\\/f2b0314b-65b8-426c-b103-4fccb22c7f9e-400x250.jpg&quot;,&quot;imageURL&quot;:&quot;https:\\\/\\\/portalv1.com.br\\\/app\\\/wp-content\\\/uploads\\\/2021\\\/08\\\/f2b0314b-65b8-426c-b103-4fccb22c7f9e.jpg&quot;,&quot;pid&quot;:98272,&quot;galleryid&quot;:1,&quot;description&quot;:&quot;&quot;,&quot;alttext&quot;:&quot;Programa Busca Ativa Escolar realiza panfletagem de conscientiza\\u00e7\\u00e3o em Valen\\u00e7a&quot;,&quot;thumbnailURL&quot;:&quot;https:\\\/\\\/portalv1.com.br\\\/app\\\/wp-content\\\/uploads\\\/2021\\\/08\\\/f2b0314b-65b8-426c-b103-4fccb22c7f9e-400x250.jpg&quot;,&quot;style&quot;:&quot;&quot;},{&quot;thumbcode&quot;:&quot;https:\\\/\\\/portalv1.com.br\\\/app\\\/wp-content\\\/uploads\\\/2021\\\/08\\\/f3b4c99c-6a74-4e16-8cc6-690d4fede3f0-400x250.jpg&quot;,&quot;imageURL&quot;:&quot;https:\\\/\\\/portalv1.com.br\\\/app\\\/wp-content\\\/uploads\\\/2021\\\/08\\\/f3b4c99c-6a74-4e16-8cc6-690d4fede3f0.jpg&quot;,&quot;pid&quot;:98273,&quot;galleryid&quot;:1,&quot;description&quot;:&quot;&quot;,&quot;alttext&quot;:&quot;Programa Busca Ativa Escolar realiza panfletagem de conscientiza\\u00e7\\u00e3o em Valen\\u00e7a&quot;,&quot;thumbnailURL&quot;:&quot;https:\\\/\\\/portalv1.com.br\\\/app\\\/wp-content\\\/uploads\\\/2021\\\/08\\\/f3b4c99c-6a74-4e16-8cc6-690d4fede3f0-400x250.jpg&quot;,&quot;style&quot;:&quot;&quot;},{&quot;thumbcode&quot;:&quot;https:\\\/\\\/portalv1.com.br\\\/app\\\/wp-content\\\/uploads\\\/2021\\\/08\\\/f10b8f78-8370-4888-86ab-95e4ec5324e3-400x250.jpg&quot;,&quot;imageURL&quot;:&quot;https:\\\/\\\/portalv1.com.br\\\/app\\\/wp-content\\\/uploads\\\/2021\\\/08\\\/f10b8f78-8370-4888-86ab-95e4ec5324e3.jpg&quot;,&quot;pid&quot;:98274,&quot;galleryid&quot;:1,&quot;description&quot;:&quot;&quot;,&quot;alttext&quot;:&quot;Programa Busca Ativa Escolar realiza panfletagem de conscientiza\\u00e7\\u00e3o em Valen\\u00e7a&quot;,&quot;thumbnailURL&quot;:&quot;https:\\\/\\\/portalv1.com.br\\\/app\\\/wp-content\\\/uploads\\\/2021\\\/08\\\/f10b8f78-8370-4888-86ab-95e4ec5324e3-400x250.jpg&quot;,&quot;style&quot;:&quot;&quot;},{&quot;thumbcode&quot;:&quot;https:\\\/\\\/portalv1.com.br\\\/app\\\/wp-content\\\/uploads\\\/2021\\\/08\\\/f99e662d-7b82-455d-a3c1-580b5f469c62-400x250.jpg&quot;,&quot;imageURL&quot;:&quot;https:\\\/\\\/portalv1.com.br\\\/app\\\/wp-content\\\/uploads\\\/2021\\\/08\\\/f99e662d-7b82-455d-a3c1-580b5f469c62.jpg&quot;,&quot;pid&quot;:98275,&quot;galleryid&quot;:1,&quot;description&quot;:&quot;&quot;,&quot;alttext&quot;:&quot;Programa Busca Ativa Escolar realiza panfletagem de conscientiza\\u00e7\\u00e3o em Valen\\u00e7a&quot;,&quot;thumbnailURL&quot;:&quot;https:\\\/\\\/portalv1.com.br\\\/app\\\/wp-content\\\/uploads\\\/2021\\\/08\\\/f99e662d-7b82-455d-a3c1-580b5f469c62-400x250.jpg&quot;,&quot;style&quot;:&quot;&quot;},{&quot;thumbcode&quot;:&quot;https:\\\/\\\/portalv1.com.br\\\/app\\\/wp-content\\\/uploads\\\/2021\\\/08\\\/fcfa439a-5794-4b29-bc57-3fb9360b7e32-400x250.jpg&quot;,&quot;imageURL&quot;:&quot;https:\\\/\\\/portalv1.com.br\\\/app\\\/wp-content\\\/uploads\\\/2021\\\/08\\\/fcfa439a-5794-4b29-bc57-3fb9360b7e32.jpg&quot;,&quot;pid&quot;:98276,&quot;galleryid&quot;:1,&quot;description&quot;:&quot;&quot;,&quot;alttext&quot;:&quot;Programa Busca Ativa Escolar realiza panfletagem de conscientiza\\u00e7\\u00e3o em Valen\\u00e7a&quot;,&quot;thumbnailURL&quot;:&quot;https:\\\/\\\/portalv1.com.br\\\/app\\\/wp-content\\\/uploads\\\/2021\\\/08\\\/fcfa439a-5794-4b29-bc57-3fb9360b7e32-400x250.jpg&quot;,&quot;style&quot;:&quot;&quot;},{&quot;thumbcode&quot;:&quot;https:\\\/\\\/portalv1.com.br\\\/app\\\/wp-content\\\/uploads\\\/2021\\\/08\\\/IMG_9709-400x250.jpg&quot;,&quot;imageURL&quot;:&quot;https:\\\/\\\/portalv1.com.br\\\/app\\\/wp-content\\\/uploads\\\/2021\\\/08\\\/IMG_9709.jpg&quot;,&quot;pid&quot;:98277,&quot;galleryid&quot;:1,&quot;description&quot;:&quot;&quot;,&quot;alttext&quot;:&quot;Programa Busca Ativa Escolar realiza panfletagem de conscientiza\\u00e7\\u00e3o em Valen\\u00e7a&quot;,&quot;thumbnailURL&quot;:&quot;https:\\\/\\\/portalv1.com.br\\\/app\\\/wp-content\\\/uploads\\\/2021\\\/08\\\/IMG_9709-400x250.jpg&quot;,&quot;style&quot;:&quot;&quot;},{&quot;thumbcode&quot;:&quot;https:\\\/\\\/portalv1.com.br\\\/app\\\/wp-content\\\/uploads\\\/2021\\\/08\\\/IMG_9714-400x250.jpg&quot;,&quot;imageURL&quot;:&quot;https:\\\/\\\/portalv1.com.br\\\/app\\\/wp-content\\\/uploads\\\/2021\\\/08\\\/IMG_9714.jpg&quot;,&quot;pid&quot;:98278,&quot;galleryid&quot;:1,&quot;description&quot;:&quot;&quot;,&quot;alttext&quot;:&quot;Programa Busca Ativa Escolar realiza panfletagem de conscientiza\\u00e7\\u00e3o em Valen\\u00e7a&quot;,&quot;thumbnailURL&quot;:&quot;https:\\\/\\\/portalv1.com.br\\\/app\\\/wp-content\\\/uploads\\\/2021\\\/08\\\/IMG_9714-400x250.jpg&quot;,&quot;style&quot;:&quot;&quot;},{&quot;thumbcode&quot;:&quot;https:\\\/\\\/portalv1.com.br\\\/app\\\/wp-content\\\/uploads\\\/2021\\\/08\\\/IMG_9721-400x250.jpg&quot;,&quot;imageURL&quot;:&quot;https:\\\/\\\/portalv1.com.br\\\/app\\\/wp-content\\\/uploads\\\/2021\\\/08\\\/IMG_9721.jpg&quot;,&quot;pid&quot;:98279,&quot;galleryid&quot;:1,&quot;description&quot;:&quot;&quot;,&quot;alttext&quot;:&quot;Programa Busca Ativa Escolar realiza panfletagem de conscientiza\\u00e7\\u00e3o em Valen\\u00e7a&quot;,&quot;thumbnailURL&quot;:&quot;https:\\\/\\\/portalv1.com.br\\\/app\\\/wp-content\\\/uploads\\\/2021\\\/08\\\/IMG_9721-400x250.jpg&quot;,&quot;style&quot;:&quot;&quot;},{&quot;thumbcode&quot;:&quot;https:\\\/\\\/portalv1.com.br\\\/app\\\/wp-content\\\/uploads\\\/2021\\\/08\\\/IMG_9742-400x250.jpg&quot;,&quot;imageURL&quot;:&quot;https:\\\/\\\/portalv1.com.br\\\/app\\\/wp-content\\\/uploads\\\/2021\\\/08\\\/IMG_9742.jpg&quot;,&quot;pid&quot;:98280,&quot;galleryid&quot;:1,&quot;description&quot;:&quot;&quot;,&quot;alttext&quot;:&quot;Programa Busca Ativa Escolar realiza panfletagem de conscientiza\\u00e7\\u00e3o em Valen\\u00e7a&quot;,&quot;thumbnailURL&quot;:&quot;https:\\\/\\\/portalv1.com.br\\\/app\\\/wp-content\\\/uploads\\\/2021\\\/08\\\/IMG_9742-400x250.jpg&quot;,&quot;style&quot;:&quot;&quot;},{&quot;thumbcode&quot;:&quot;https:\\\/\\\/portalv1.com.br\\\/app\\\/wp-content\\\/uploads\\\/2021\\\/08\\\/IMG_9748-400x250.jpg&quot;,&quot;imageURL&quot;:&quot;https:\\\/\\\/portalv1.com.br\\\/app\\\/wp-content\\\/uploads\\\/2021\\\/08\\\/IMG_9748.jpg&quot;,&quot;pid&quot;:98281,&quot;galleryid&quot;:1,&quot;description&quot;:&quot;&quot;,&quot;alttext&quot;:&quot;Programa Busca Ativa Escolar realiza panfletagem de conscientiza\\u00e7\\u00e3o em Valen\\u00e7a&quot;,&quot;thumbnailURL&quot;:&quot;https:\\\/\\\/portalv1.com.br\\\/app\\\/wp-content\\\/uploads\\\/2021\\\/08\\\/IMG_9748-400x250.jpg&quot;,&quot;style&quot;:&quot;&quot;},{&quot;thumbcode&quot;:&quot;https:\\\/\\\/portalv1.com.br\\\/app\\\/wp-content\\\/uploads\\\/2021\\\/08\\\/IMG_9751-400x250.jpg&quot;,&quot;imageURL&quot;:&quot;https:\\\/\\\/portalv1.com.br\\\/app\\\/wp-content\\\/uploads\\\/2021\\\/08\\\/IMG_9751.jpg&quot;,&quot;pid&quot;:98282,&quot;galleryid&quot;:1,&quot;description&quot;:&quot;&quot;,&quot;alttext&quot;:&quot;Programa Busca Ativa Escolar realiza panfletagem de conscientiza\\u00e7\\u00e3o em Valen\\u00e7a&quot;,&quot;thumbnailURL&quot;:&quot;https:\\\/\\\/portalv1.com.br\\\/app\\\/wp-content\\\/uploads\\\/2021\\\/08\\\/IMG_9751-400x250.jpg&quot;,&quot;style&quot;:&quot;&quot;},{&quot;thumbcode&quot;:&quot;https:\\\/\\\/portalv1.com.br\\\/app\\\/wp-content\\\/uploads\\\/2021\\\/08\\\/IMG_9754-400x250.jpg&quot;,&quot;imageURL&quot;:&quot;https:\\\/\\\/portalv1.com.br\\\/app\\\/wp-content\\\/uploads\\\/2021\\\/08\\\/IMG_9754.jpg&quot;,&quot;pid&quot;:98283,&quot;galleryid&quot;:1,&quot;description&quot;:&quot;&quot;,&quot;alttext&quot;:&quot;Programa Busca Ativa Escolar realiza panfletagem de conscientiza\\u00e7\\u00e3o em Valen\\u00e7a&quot;,&quot;thumbnailURL&quot;:&quot;https:\\\/\\\/portalv1.com.br\\\/app\\\/wp-content\\\/uploads\\\/2021\\\/08\\\/IMG_9754-400x250.jpg&quot;,&quot;style&quot;:&quot;&quot;},{&quot;thumbcode&quot;:&quot;https:\\\/\\\/portalv1.com.br\\\/app\\\/wp-content\\\/uploads\\\/2021\\\/08\\\/IMG_9756-400x250.jpg&quot;,&quot;imageURL&quot;:&quot;https:\\\/\\\/portalv1.com.br\\\/app\\\/wp-content\\\/uploads\\\/2021\\\/08\\\/IMG_9756.jpg&quot;,&quot;pid&quot;:98284,&quot;galleryid&quot;:1,&quot;description&quot;:&quot;&quot;,&quot;alttext&quot;:&quot;Programa Busca Ativa Escolar realiza panfletagem de conscientiza\\u00e7\\u00e3o em Valen\\u00e7a&quot;,&quot;thumbnailURL&quot;:&quot;https:\\\/\\\/portalv1.com.br\\\/app\\\/wp-content\\\/uploads\\\/2021\\\/08\\\/IMG_9756-400x250.jpg&quot;,&quot;style&quot;:&quot;&quot;},{&quot;thumbcode&quot;:&quot;https:\\\/\\\/portalv1.com.br\\\/app\\\/wp-content\\\/uploads\\\/2021\\\/08\\\/IMG_9757-400x250.jpg&quot;,&quot;imageURL&quot;:&quot;https:\\\/\\\/portalv1.com.br\\\/app\\\/wp-content\\\/uploads\\\/2021\\\/08\\\/IMG_9757.jpg&quot;,&quot;pid&quot;:98285,&quot;galleryid&quot;:1,&quot;description&quot;:&quot;&quot;,&quot;alttext&quot;:&quot;Programa Busca Ativa Escolar realiza panfletagem de conscientiza\\u00e7\\u00e3o em Valen\\u00e7a&quot;,&quot;thumbnailURL&quot;:&quot;https:\\\/\\\/portalv1.com.br\\\/app\\\/wp-content\\\/uploads\\\/2021\\\/08\\\/IMG_9757-400x250.jpg&quot;,&quot;style&quot;:&quot;&quot;},{&quot;thumbcode&quot;:&quot;https:\\\/\\\/portalv1.com.br\\\/app\\\/wp-content\\\/uploads\\\/2021\\\/08\\\/IMG_9761-400x250.jpg&quot;,&quot;imageURL&quot;:&quot;https:\\\/\\\/portalv1.com.br\\\/app\\\/wp-content\\\/uploads\\\/2021\\\/08\\\/IMG_9761.jpg&quot;,&quot;pid&quot;:98286,&quot;galleryid&quot;:1,&quot;description&quot;:&quot;&quot;,&quot;alttext&quot;:&quot;Programa Busca Ativa Escolar realiza panfletagem de conscientiza\\u00e7\\u00e3o em Valen\\u00e7a&quot;,&quot;thumbnailURL&quot;:&quot;https:\\\/\\\/portalv1.com.br\\\/app\\\/wp-content\\\/uploads\\\/2021\\\/08\\\/IMG_9761-400x250.jpg&quot;,&quot;style&quot;:&quot;&quot;},{&quot;thumbcode&quot;:&quot;https:\\\/\\\/portalv1.com.br\\\/app\\\/wp-content\\\/uploads\\\/2021\\\/08\\\/IMG_9762-400x250.jpg&quot;,&quot;imageURL&quot;:&quot;https:\\\/\\\/portalv1.com.br\\\/app\\\/wp-content\\\/uploads\\\/2021\\\/08\\\/IMG_9762.jpg&quot;,&quot;pid&quot;:98287,&quot;galleryid&quot;:1,&quot;description&quot;:&quot;&quot;,&quot;alttext&quot;:&quot;Programa Busca Ativa Escolar realiza panfletagem de conscientiza\\u00e7\\u00e3o em Valen\\u00e7a&quot;,&quot;thumbnailURL&quot;:&quot;https:\\\/\\\/portalv1.com.br\\\/app\\\/wp-content\\\/uploads\\\/2021\\\/08\\\/IMG_9762-400x250.jpg&quot;,&quot;style&quot;:&quot;&quot;},{&quot;thumbcode&quot;:&quot;https:\\\/\\\/portalv1.com.br\\\/app\\\/wp-content\\\/uploads\\\/2021\\\/08\\\/IMG_9764-400x250.jpg&quot;,&quot;imageURL&quot;:&quot;https:\\\/\\\/portalv1.com.br\\\/app\\\/wp-content\\\/uploads\\\/2021\\\/08\\\/IMG_9764.jpg&quot;,&quot;pid&quot;:98288,&quot;galleryid&quot;:1,&quot;description&quot;:&quot;&quot;,&quot;alttext&quot;:&quot;Programa Busca Ativa Escolar realiza panfletagem de conscientiza\\u00e7\\u00e3o em Valen\\u00e7a&quot;,&quot;thumbnailURL&quot;:&quot;https:\\\/\\\/portalv1.com.br\\\/app\\\/wp-content\\\/uploads\\\/2021\\\/08\\\/IMG_9764-400x250.jpg&quot;,&quot;style&quot;:&quot;&quot;},{&quot;thumbcode&quot;:&quot;https:\\\/\\\/portalv1.com.br\\\/app\\\/wp-content\\\/uploads\\\/2021\\\/08\\\/IMG_9766-400x250.jpg&quot;,&quot;imageURL&quot;:&quot;https:\\\/\\\/portalv1.com.br\\\/app\\\/wp-content\\\/uploads\\\/2021\\\/08\\\/IMG_9766.jpg&quot;,&quot;pid&quot;:98289,&quot;galleryid&quot;:1,&quot;description&quot;:&quot;&quot;,&quot;alttext&quot;:&quot;Programa Busca Ativa Escolar realiza panfletagem de conscientiza\\u00e7\\u00e3o em Valen\\u00e7a&quot;,&quot;thumbnailURL&quot;:&quot;https:\\\/\\\/portalv1.com.br\\\/app\\\/wp-content\\\/uploads\\\/2021\\\/08\\\/IMG_9766-400x250.jpg&quot;,&quot;style&quot;:&quot;&quot;},{&quot;thumbcode&quot;:&quot;https:\\\/\\\/portalv1.com.br\\\/app\\\/wp-content\\\/uploads\\\/2021\\\/08\\\/IMG_9772-400x250.jpg&quot;,&quot;imageURL&quot;:&quot;https:\\\/\\\/portalv1.com.br\\\/app\\\/wp-content\\\/uploads\\\/2021\\\/08\\\/IMG_9772.jpg&quot;,&quot;pid&quot;:98290,&quot;galleryid&quot;:1,&quot;description&quot;:&quot;&quot;,&quot;alttext&quot;:&quot;Programa Busca Ativa Escolar realiza panfletagem de conscientiza\\u00e7\\u00e3o em Valen\\u00e7a&quot;,&quot;thumbnailURL&quot;:&quot;https:\\\/\\\/portalv1.com.br\\\/app\\\/wp-content\\\/uploads\\\/2021\\\/08\\\/IMG_9772-400x250.jpg&quot;,&quot;style&quot;:&quot;&quot;},{&quot;thumbcode&quot;:&quot;https:\\\/\\\/portalv1.com.br\\\/app\\\/wp-content\\\/uploads\\\/2021\\\/08\\\/IMG_9775-400x250.jpg&quot;,&quot;imageURL&quot;:&quot;https:\\\/\\\/portalv1.com.br\\\/app\\\/wp-content\\\/uploads\\\/2021\\\/08\\\/IMG_9775.jpg&quot;,&quot;pid&quot;:98291,&quot;galleryid&quot;:1,&quot;description&quot;:&quot;&quot;,&quot;alttext&quot;:&quot;Programa Busca Ativa Escolar realiza panfletagem de conscientiza\\u00e7\\u00e3o em Valen\\u00e7a&quot;,&quot;thumbnailURL&quot;:&quot;https:\\\/\\\/portalv1.com.br\\\/app\\\/wp-content\\\/uploads\\\/2021\\\/08\\\/IMG_9775-400x250.jpg&quot;,&quot;style&quot;:&quot;&quot;},{&quot;thumbcode&quot;:&quot;https:\\\/\\\/portalv1.com.br\\\/app\\\/wp-content\\\/uploads\\\/2021\\\/08\\\/IMG_9780-400x250.jpg&quot;,&quot;imageURL&quot;:&quot;https:\\\/\\\/portalv1.com.br\\\/app\\\/wp-content\\\/uploads\\\/2021\\\/08\\\/IMG_9780.jpg&quot;,&quot;pid&quot;:98292,&quot;galleryid&quot;:1,&quot;description&quot;:&quot;&quot;,&quot;alttext&quot;:&quot;Programa Busca Ativa Escolar realiza panfletagem de conscientiza\\u00e7\\u00e3o em Valen\\u00e7a&quot;,&quot;thumbnailURL&quot;:&quot;https:\\\/\\\/portalv1.com.br\\\/app\\\/wp-content\\\/uploads\\\/2021\\\/08\\\/IMG_9780-400x250.jpg&quot;,&quot;style&quot;:&quot;&quot;},{&quot;thumbcode&quot;:&quot;https:\\\/\\\/portalv1.com.br\\\/app\\\/wp-content\\\/uploads\\\/2021\\\/08\\\/IMG_9787-400x250.jpg&quot;,&quot;imageURL&quot;:&quot;https:\\\/\\\/portalv1.com.br\\\/app\\\/wp-content\\\/uploads\\\/2021\\\/08\\\/IMG_9787.jpg&quot;,&quot;pid&quot;:98293,&quot;galleryid&quot;:1,&quot;description&quot;:&quot;&quot;,&quot;alttext&quot;:&quot;Programa Busca Ativa Escolar realiza panfletagem de conscientiza\\u00e7\\u00e3o em Valen\\u00e7a&quot;,&quot;thumbnailURL&quot;:&quot;https:\\\/\\\/portalv1.com.br\\\/app\\\/wp-content\\\/uploads\\\/2021\\\/08\\\/IMG_9787-400x250.jpg&quot;,&quot;style&quot;:&quot;&quot;},{&quot;thumbcode&quot;:&quot;https:\\\/\\\/portalv1.com.br\\\/app\\\/wp-content\\\/uploads\\\/2021\\\/08\\\/IMG_9792-400x250.jpg&quot;,&quot;imageURL&quot;:&quot;https:\\\/\\\/portalv1.com.br\\\/app\\\/wp-content\\\/uploads\\\/2021\\\/08\\\/IMG_9792.jpg&quot;,&quot;pid&quot;:98294,&quot;galleryid&quot;:1,&quot;description&quot;:&quot;&quot;,&quot;alttext&quot;:&quot;Programa Busca Ativa Escolar realiza panfletagem de conscientiza\\u00e7\\u00e3o em Valen\\u00e7a&quot;,&quot;thumbnailURL&quot;:&quot;https:\\\/\\\/portalv1.com.br\\\/app\\\/wp-content\\\/uploads\\\/2021\\\/08\\\/IMG_9792-400x250.jpg&quot;,&quot;style&quot;:&quot;&quot;},{&quot;thumbcode&quot;:&quot;https:\\\/\\\/portalv1.com.br\\\/app\\\/wp-content\\\/uploads\\\/2021\\\/08\\\/IMG_9797-400x250.jpg&quot;,&quot;imageURL&quot;:&quot;https:\\\/\\\/portalv1.com.br\\\/app\\\/wp-content\\\/uploads\\\/2021\\\/08\\\/IMG_9797.jpg&quot;,&quot;pid&quot;:98295,&quot;galleryid&quot;:1,&quot;description&quot;:&quot;&quot;,&quot;alttext&quot;:&quot;Programa Busca Ativa Escolar realiza panfletagem de conscientiza\\u00e7\\u00e3o em Valen\\u00e7a&quot;,&quot;thumbnailURL&quot;:&quot;https:\\\/\\\/portalv1.com.br\\\/app\\\/wp-content\\\/uploads\\\/2021\\\/08\\\/IMG_9797-400x250.jpg&quot;,&quot;style&quot;:&quot;&quot;},{&quot;thumbcode&quot;:&quot;https:\\\/\\\/portalv1.com.br\\\/app\\\/wp-content\\\/uploads\\\/2021\\\/08\\\/IMG_9808-400x250.jpg&quot;,&quot;imageURL&quot;:&quot;https:\\\/\\\/portalv1.com.br\\\/app\\\/wp-content\\\/uploads\\\/2021\\\/08\\\/IMG_9808.jpg&quot;,&quot;pid&quot;:98296,&quot;galleryid&quot;:1,&quot;description&quot;:&quot;&quot;,&quot;alttext&quot;:&quot;Programa Busca Ativa Escolar realiza panfletagem de conscientiza\\u00e7\\u00e3o em Valen\\u00e7a&quot;,&quot;thumbnailURL&quot;:&quot;https:\\\/\\\/portalv1.com.br\\\/app\\\/wp-content\\\/uploads\\\/2021\\\/08\\\/IMG_9808-400x250.jpg&quot;,&quot;style&quot;:&quot;&quot;},{&quot;thumbcode&quot;:&quot;https:\\\/\\\/portalv1.com.br\\\/app\\\/wp-content\\\/uploads\\\/2021\\\/08\\\/IMG_9811-400x250.jpg&quot;,&quot;imageURL&quot;:&quot;https:\\\/\\\/portalv1.com.br\\\/app\\\/wp-content\\\/uploads\\\/2021\\\/08\\\/IMG_9811.jpg&quot;,&quot;pid&quot;:98297,&quot;galleryid&quot;:1,&quot;description&quot;:&quot;&quot;,&quot;alttext&quot;:&quot;Programa Busca Ativa Escolar realiza panfletagem de conscientiza\\u00e7\\u00e3o em Valen\\u00e7a&quot;,&quot;thumbnailURL&quot;:&quot;https:\\\/\\\/portalv1.com.br\\\/app\\\/wp-content\\\/uploads\\\/2021\\\/08\\\/IMG_9811-400x250.jpg&quot;,&quot;style&quot;:&quot;&quot;},{&quot;thumbcode&quot;:&quot;https:\\\/\\\/portalv1.com.br\\\/app\\\/wp-content\\\/uploads\\\/2021\\\/08\\\/IMG_9822-400x250.jpg&quot;,&quot;imageURL&quot;:&quot;https:\\\/\\\/portalv1.com.br\\\/app\\\/wp-content\\\/uploads\\\/2021\\\/08\\\/IMG_9822.jpg&quot;,&quot;pid&quot;:98298,&quot;galleryid&quot;:1,&quot;description&quot;:&quot;&quot;,&quot;alttext&quot;:&quot;Programa Busca Ativa Escolar realiza panfletagem de conscientiza\\u00e7\\u00e3o em Valen\\u00e7a&quot;,&quot;thumbnailURL&quot;:&quot;https:\\\/\\\/portalv1.com.br\\\/app\\\/wp-content\\\/uploads\\\/2021\\\/08\\\/IMG_9822-400x250.jpg&quot;,&quot;style&quot;:&quot;&quot;},{&quot;thumbcode&quot;:&quot;https:\\\/\\\/portalv1.com.br\\\/app\\\/wp-content\\\/uploads\\\/2021\\\/08\\\/IMG_9833-400x250.jpg&quot;,&quot;imageURL&quot;:&quot;https:\\\/\\\/portalv1.com.br\\\/app\\\/wp-content\\\/uploads\\\/2021\\\/08\\\/IMG_9833.jpg&quot;,&quot;pid&quot;:98299,&quot;galleryid&quot;:1,&quot;description&quot;:&quot;&quot;,&quot;alttext&quot;:&quot;Programa Busca Ativa Escolar realiza panfletagem de conscientiza\\u00e7\\u00e3o em Valen\\u00e7a&quot;,&quot;thumbnailURL&quot;:&quot;https:\\\/\\\/portalv1.com.br\\\/app\\\/wp-content\\\/uploads\\\/2021\\\/08\\\/IMG_9833-400x250.jpg&quot;,&quot;style&quot;:&quot;&quot;},{&quot;thumbcode&quot;:&quot;https:\\\/\\\/portalv1.com.br\\\/app\\\/wp-content\\\/uploads\\\/2021\\\/08\\\/IMG_9838-400x250.jpg&quot;,&quot;imageURL&quot;:&quot;https:\\\/\\\/portalv1.com.br\\\/app\\\/wp-content\\\/uploads\\\/2021\\\/08\\\/IMG_9838.jpg&quot;,&quot;pid&quot;:98300,&quot;galleryid&quot;:1,&quot;description&quot;:&quot;&quot;,&quot;alttext&quot;:&quot;Programa Busca Ativa Escolar realiza panfletagem de conscientiza\\u00e7\\u00e3o em Valen\\u00e7a&quot;,&quot;thumbnailURL&quot;:&quot;https:\\\/\\\/portalv1.com.br\\\/app\\\/wp-content\\\/uploads\\\/2021\\\/08\\\/IMG_9838-400x250.jpg&quot;,&quot;style&quot;:&quot;&quot;},{&quot;thumbcode&quot;:&quot;https:\\\/\\\/portalv1.com.br\\\/app\\\/wp-content\\\/uploads\\\/2021\\\/08\\\/IMG_9841-400x250.jpg&quot;,&quot;imageURL&quot;:&quot;https:\\\/\\\/portalv1.com.br\\\/app\\\/wp-content\\\/uploads\\\/2021\\\/08\\\/IMG_9841.jpg&quot;,&quot;pid&quot;:98301,&quot;galleryid&quot;:1,&quot;description&quot;:&quot;&quot;,&quot;alttext&quot;:&quot;Programa Busca Ativa Escolar realiza panfletagem de conscientiza\\u00e7\\u00e3o em Valen\\u00e7a&quot;,&quot;thumbnailURL&quot;:&quot;https:\\\/\\\/portalv1.com.br\\\/app\\\/wp-content\\\/uploads\\\/2021\\\/08\\\/IMG_9841-400x250.jpg&quot;,&quot;style&quot;:&quot;&quot;},{&quot;thumbcode&quot;:&quot;https:\\\/\\\/portalv1.com.br\\\/app\\\/wp-content\\\/uploads\\\/2021\\\/08\\\/IMG_9842-400x250.jpg&quot;,&quot;imageURL&quot;:&quot;https:\\\/\\\/portalv1.com.br\\\/app\\\/wp-content\\\/uploads\\\/2021\\\/08\\\/IMG_9842.jpg&quot;,&quot;pid&quot;:98302,&quot;galleryid&quot;:1,&quot;description&quot;:&quot;&quot;,&quot;alttext&quot;:&quot;Programa Busca Ativa Escolar realiza panfletagem de conscientiza\\u00e7\\u00e3o em Valen\\u00e7a&quot;,&quot;thumbnailURL&quot;:&quot;https:\\\/\\\/portalv1.com.br\\\/app\\\/wp-content\\\/uploads\\\/2021\\\/08\\\/IMG_9842-400x250.jpg&quot;,&quot;style&quot;:&quot;&quot;},{&quot;thumbcode&quot;:&quot;https:\\\/\\\/portalv1.com.br\\\/app\\\/wp-content\\\/uploads\\\/2021\\\/08\\\/IMG_9844-400x250.jpg&quot;,&quot;imageURL&quot;:&quot;https:\\\/\\\/portalv1.com.br\\\/app\\\/wp-content\\\/uploads\\\/2021\\\/08\\\/IMG_9844.jpg&quot;,&quot;pid&quot;:98303,&quot;galleryid&quot;:1,&quot;description&quot;:&quot;&quot;,&quot;alttext&quot;:&quot;Programa Busca Ativa Escolar realiza panfletagem de conscientiza\\u00e7\\u00e3o em Valen\\u00e7a&quot;,&quot;thumbnailURL&quot;:&quot;https:\\\/\\\/portalv1.com.br\\\/app\\\/wp-content\\\/uploads\\\/2021\\\/08\\\/IMG_9844-400x250.jpg&quot;,&quot;style&quot;:&quot;&quot;},{&quot;thumbcode&quot;:&quot;https:\\\/\\\/portalv1.com.br\\\/app\\\/wp-content\\\/uploads\\\/2021\\\/08\\\/IMG_9847-400x250.jpg&quot;,&quot;imageURL&quot;:&quot;https:\\\/\\\/portalv1.com.br\\\/app\\\/wp-content\\\/uploads\\\/2021\\\/08\\\/IMG_9847.jpg&quot;,&quot;pid&quot;:98304,&quot;galleryid&quot;:1,&quot;description&quot;:&quot;&quot;,&quot;alttext&quot;:&quot;Programa Busca Ativa Escolar realiza panfletagem de conscientiza\\u00e7\\u00e3o em Valen\\u00e7a&quot;,&quot;thumbnailURL&quot;:&quot;https:\\\/\\\/portalv1.com.br\\\/app\\\/wp-content\\\/uploads\\\/2021\\\/08\\\/IMG_9847-400x250.jpg&quot;,&quot;style&quot;:&quot;&quot;},{&quot;thumbcode&quot;:&quot;https:\\\/\\\/portalv1.com.br\\\/app\\\/wp-content\\\/uploads\\\/2021\\\/08\\\/IMG_9849-400x250.jpg&quot;,&quot;imageURL&quot;:&quot;https:\\\/\\\/portalv1.com.br\\\/app\\\/wp-content\\\/uploads\\\/2021\\\/08\\\/IMG_9849.jpg&quot;,&quot;pid&quot;:98305,&quot;galleryid&quot;:1,&quot;description&quot;:&quot;&quot;,&quot;alttext&quot;:&quot;Programa Busca Ativa Escolar realiza panfletagem de conscientiza\\u00e7\\u00e3o em Valen\\u00e7a&quot;,&quot;thumbnailURL&quot;:&quot;https:\\\/\\\/portalv1.com.br\\\/app\\\/wp-content\\\/uploads\\\/2021\\\/08\\\/IMG_9849-400x250.jpg&quot;,&quot;style&quot;:&quot;&quot;},{&quot;thumbcode&quot;:&quot;https:\\\/\\\/portalv1.com.br\\\/app\\\/wp-content\\\/uploads\\\/2021\\\/08\\\/IMG_9864-400x250.jpg&quot;,&quot;imageURL&quot;:&quot;https:\\\/\\\/portalv1.com.br\\\/app\\\/wp-content\\\/uploads\\\/2021\\\/08\\\/IMG_9864.jpg&quot;,&quot;pid&quot;:98306,&quot;galleryid&quot;:1,&quot;description&quot;:&quot;&quot;,&quot;alttext&quot;:&quot;Programa Busca Ativa Escolar realiza panfletagem de conscientiza\\u00e7\\u00e3o em Valen\\u00e7a&quot;,&quot;thumbnailURL&quot;:&quot;https:\\\/\\\/portalv1.com.br\\\/app\\\/wp-content\\\/uploads\\\/2021\\\/08\\\/IMG_9864-400x250.jpg&quot;,&quot;style&quot;:&quot;&quot;},{&quot;thumbcode&quot;:&quot;https:\\\/\\\/portalv1.com.br\\\/app\\\/wp-content\\\/uploads\\\/2021\\\/08\\\/IMG_9866-400x250.jpg&quot;,&quot;imageURL&quot;:&quot;https:\\\/\\\/portalv1.com.br\\\/app\\\/wp-content\\\/uploads\\\/2021\\\/08\\\/IMG_9866.jpg&quot;,&quot;pid&quot;:98307,&quot;galleryid&quot;:1,&quot;description&quot;:&quot;&quot;,&quot;alttext&quot;:&quot;Programa Busca Ativa Escolar realiza panfletagem de conscientiza\\u00e7\\u00e3o em Valen\\u00e7a&quot;,&quot;thumbnailURL&quot;:&quot;https:\\\/\\\/portalv1.com.br\\\/app\\\/wp-content\\\/uploads\\\/2021\\\/08\\\/IMG_9866-400x250.jpg&quot;,&quot;style&quot;:&quot;&quot;},{&quot;thumbcode&quot;:&quot;https:\\\/\\\/portalv1.com.br\\\/app\\\/wp-content\\\/uploads\\\/2021\\\/08\\\/IMG_9868-400x250.jpg&quot;,&quot;imageURL&quot;:&quot;https:\\\/\\\/portalv1.com.br\\\/app\\\/wp-content\\\/uploads\\\/2021\\\/08\\\/IMG_9868.jpg&quot;,&quot;pid&quot;:98308,&quot;galleryid&quot;:1,&quot;description&quot;:&quot;&quot;,&quot;alttext&quot;:&quot;Programa Busca Ativa Escolar realiza panfletagem de conscientiza\\u00e7\\u00e3o em Valen\\u00e7a&quot;,&quot;thumbnailURL&quot;:&quot;https:\\\/\\\/portalv1.com.br\\\/app\\\/wp-content\\\/uploads\\\/2021\\\/08\\\/IMG_9868-400x250.jpg&quot;,&quot;style&quot;:&quot;&quot;},{&quot;thumbcode&quot;:&quot;https:\\\/\\\/portalv1.com.br\\\/app\\\/wp-content\\\/uploads\\\/2021\\\/08\\\/IMG_9877-400x250.jpg&quot;,&quot;imageURL&quot;:&quot;https:\\\/\\\/portalv1.com.br\\\/app\\\/wp-content\\\/uploads\\\/2021\\\/08\\\/IMG_9877.jpg&quot;,&quot;pid&quot;:98309,&quot;galleryid&quot;:1,&quot;description&quot;:&quot;&quot;,&quot;alttext&quot;:&quot;Programa Busca Ativa Escolar realiza panfletagem de conscientiza\\u00e7\\u00e3o em Valen\\u00e7a&quot;,&quot;thumbnailURL&quot;:&quot;https:\\\/\\\/portalv1.com.br\\\/app\\\/wp-content\\\/uploads\\\/2021\\\/08\\\/IMG_9877-400x250.jpg&quot;,&quot;style&quot;:&quot;&quot;},{&quot;thumbcode&quot;:&quot;https:\\\/\\\/portalv1.com.br\\\/app\\\/wp-content\\\/uploads\\\/2021\\\/08\\\/IMG_9886-400x250.jpg&quot;,&quot;imageURL&quot;:&quot;https:\\\/\\\/portalv1.com.br\\\/app\\\/wp-content\\\/uploads\\\/2021\\\/08\\\/IMG_9886.jpg&quot;,&quot;pid&quot;:98310,&quot;galleryid&quot;:1,&quot;description&quot;:&quot;&quot;,&quot;alttext&quot;:&quot;Programa Busca Ativa Escolar realiza panfletagem de conscientiza\\u00e7\\u00e3o em Valen\\u00e7a&quot;,&quot;thumbnailURL&quot;:&quot;https:\\\/\\\/portalv1.com.br\\\/app\\\/wp-content\\\/uploads\\\/2021\\\/08\\\/IMG_9886-400x250.jpg&quot;,&quot;style&quot;:&quot;&quot;},{&quot;thumbcode&quot;:&quot;https:\\\/\\\/portalv1.com.br\\\/app\\\/wp-content\\\/uploads\\\/2021\\\/08\\\/IMG_9893-400x250.jpg&quot;,&quot;imageURL&quot;:&quot;https:\\\/\\\/portalv1.com.br\\\/app\\\/wp-content\\\/uploads\\\/2021\\\/08\\\/IMG_9893.jpg&quot;,&quot;pid&quot;:98311,&quot;galleryid&quot;:1,&quot;description&quot;:&quot;&quot;,&quot;alttext&quot;:&quot;Programa Busca Ativa Escolar realiza panfletagem de conscientiza\\u00e7\\u00e3o em Valen\\u00e7a&quot;,&quot;thumbnailURL&quot;:&quot;https:\\\/\\\/portalv1.com.br\\\/app\\\/wp-content\\\/uploads\\\/2021\\\/08\\\/IMG_9893-400x250.jpg&quot;,&quot;style&quot;:&quot;&quot;},{&quot;thumbcode&quot;:&quot;https:\\\/\\\/portalv1.com.br\\\/app\\\/wp-content\\\/uploads\\\/2021\\\/08\\\/IMG_9896-400x250.jpg&quot;,&quot;imageURL&quot;:&quot;https:\\\/\\\/portalv1.com.br\\\/app\\\/wp-content\\\/uploads\\\/2021\\\/08\\\/IMG_9896.jpg&quot;,&quot;pid&quot;:98312,&quot;galleryid&quot;:1,&quot;description&quot;:&quot;&quot;,&quot;alttext&quot;:&quot;Programa Busca Ativa Escolar realiza panfletagem de conscientiza\\u00e7\\u00e3o em Valen\\u00e7a&quot;,&quot;thumbnailURL&quot;:&quot;https:\\\/\\\/portalv1.com.br\\\/app\\\/wp-content\\\/uploads\\\/2021\\\/08\\\/IMG_9896-400x250.jpg&quot;,&quot;style&quot;:&quot;&quot;},{&quot;thumbcode&quot;:&quot;https:\\\/\\\/portalv1.com.br\\\/app\\\/wp-content\\\/uploads\\\/2021\\\/08\\\/IMG_9899-400x250.jpg&quot;,&quot;imageURL&quot;:&quot;https:\\\/\\\/portalv1.com.br\\\/app\\\/wp-content\\\/uploads\\\/2021\\\/08\\\/IMG_9899.jpg&quot;,&quot;pid&quot;:98313,&quot;galleryid&quot;:1,&quot;description&quot;:&quot;&quot;,&quot;alttext&quot;:&quot;Programa Busca Ativa Escolar realiza panfletagem de conscientiza\\u00e7\\u00e3o em Valen\\u00e7a&quot;,&quot;thumbnailURL&quot;:&quot;https:\\\/\\\/portalv1.com.br\\\/app\\\/wp-content\\\/uploads\\\/2021\\\/08\\\/IMG_9899-400x250.jpg&quot;,&quot;style&quot;:&quot;&quot;}]}}\"><\/div>\n                  <\/div>\n","protected":false},"excerpt":{"rendered":"<p>A equipe do Programa Busca Ativa Escolar da Secretaria Municipal de Educa\u00e7\u00e3o de Valen\u00e7a do Piau\u00ed concluiu nesta sexta-feira (13), as atividades na zona urbana do munic\u00edpio com panfletagem de&#8230;<\/p>\n","protected":false},"author":1,"featured_media":98297,"comment_status":"open","ping_status":"open","sticky":false,"template":"","format":"standard","meta":{"ngg_post_thumbnail":0,"footnotes":""},"categories":[243],"tags":[],"class_list":["post-98218","post","type-post","status-publish","format-standard","has-post-thumbnail","hentry","category-geral"],"views":542,"meta_data":{"thumb":"https:\/\/portalv1.com.br\/app\/wp-content\/uploads\/2021\/08\/IMG_9811.jpg","imagem":{"fullsize":{"url":"https:\/\/portalv1.com.br\/app\/wp-content\/uploads\/2021\/08\/IMG_9811.jpg","width":1024,"height":683},"medium":{"url":"https:\/\/portalv1.com.br\/app\/wp-content\/uploads\/2021\/08\/IMG_9811-300x200.jpg","width":300,"height":200},"large":{"url":"https:\/\/portalv1.com.br\/app\/wp-content\/uploads\/2021\/08\/IMG_9811-640x427.jpg","width":640,"height":427},"thumbnail":{"url":"https:\/\/portalv1.com.br\/app\/wp-content\/uploads\/2021\/08\/IMG_9811-100x100.jpg","width":100,"height":100},"medium_large":{"url":"https:\/\/portalv1.com.br\/app\/wp-content\/uploads\/2021\/08\/IMG_9811-768x512.jpg","width":768,"height":512}},"data":{"simple":"14\/08\/2021","date_time":"14\/08\/2021 10:25:10","date":"h\u00e1 5 anos"},"chapeu":"Assista ao v\u00eddeo ","source":"slide"},"_links":{"self":[{"href":"https:\/\/portalv1.com.br\/api\/wp\/v2\/posts\/98218","targetHints":{"allow":["GET"]}}],"collection":[{"href":"https:\/\/portalv1.com.br\/api\/wp\/v2\/posts"}],"about":[{"href":"https:\/\/portalv1.com.br\/api\/wp\/v2\/types\/post"}],"author":[{"embeddable":true,"href":"https:\/\/portalv1.com.br\/api\/wp\/v2\/users\/1"}],"replies":[{"embeddable":true,"href":"https:\/\/portalv1.com.br\/api\/wp\/v2\/comments?post=98218"}],"version-history":[{"count":0,"href":"https:\/\/portalv1.com.br\/api\/wp\/v2\/posts\/98218\/revisions"}],"wp:featuredmedia":[{"embeddable":true,"href":"https:\/\/portalv1.com.br\/api\/wp\/v2\/media\/98297"}],"wp:attachment":[{"href":"https:\/\/portalv1.com.br\/api\/wp\/v2\/media?parent=98218"}],"wp:term":[{"taxonomy":"category","embeddable":true,"href":"https:\/\/portalv1.com.br\/api\/wp\/v2\/categories?post=98218"},{"taxonomy":"post_tag","embeddable":true,"href":"https:\/\/portalv1.com.br\/api\/wp\/v2\/tags?post=98218"}],"curies":[{"name":"wp","href":"https:\/\/api.w.org\/{rel}","templated":true}]}}