{"id":9838,"date":"2011-08-15T23:42:25","date_gmt":"2011-08-16T02:42:25","guid":{"rendered":"https:\/\/portalv1.com.br\/?p=9838"},"modified":"2011-08-16T23:26:41","modified_gmt":"2011-08-17T02:26:41","slug":"depois-da-pressao-prefeitura-libera-construcao-da-caixa","status":"publish","type":"post","link":"https:\/\/portalv1.com.br\/depois-da-pressao-prefeitura-libera-construcao-da-caixa\/","title":{"rendered":"Depois da press\u00e3o prefeitura libera constru\u00e7\u00e3o da Caixa"},"content":{"rendered":"<figure id=\"attachment_9819\" aria-describedby=\"caption-attachment-9819\" style=\"width: 300px\" class=\"wp-caption alignright\"><a href=\"https:\/\/portalv1.com.br\/app\/wp-content\/uploads\/2011\/08\/caixa.jpg\"><img loading=\"lazy\" decoding=\"async\" class=\"size-full wp-image-9819\" title=\"caixa\" src=\"https:\/\/portalv1.com.br\/app\/wp-content\/uploads\/2011\/08\/caixa.jpg\" alt=\"\" width=\"300\" height=\"183\" \/><\/a><figcaption id=\"caption-attachment-9819\" class=\"wp-caption-text\">o terreno fica na Rua Cicero Portela, entre o Posto Valedares IV e Bezarra Moveis<\/figcaption><\/figure>\n<p>Depois da press\u00e3o popular a prefeitura de Valen\u00e7a resolveu entregar a certid\u00e3o assinada liberando a constru\u00e7\u00e3o do pr\u00e9dio, onde ir\u00e1 funcionar a ag\u00eancia da Caixa Econ\u00f4mica Federal em Valen\u00e7a. Desde a semana passada o dono do terreno Rubens Alencar tentava conseguir junto \u00e0 prefeitura uma certid\u00e3o pedida pela Caixa para fechar o contrato de constru\u00e7\u00e3o da ag\u00eancia.<\/p>\n<p>Em entrevista ao Jornal da Horizonte (100,1) o empres\u00e1rio lamentou a atitude da prefeitura que segundo o mesmo vinha protelando a entrega do documento (leia a mat\u00e9ria Constru\u00e7\u00e3o da Caixa depende de uma assinatura da prefeitura). Ap\u00f3s a divulga\u00e7\u00e3o nos meios comunica\u00e7\u00e3o e da press\u00e3o popular o problema foi resolvido nesta segunda-feira.<\/p>\n<p>Rubens Alencar agradeceu a popula\u00e7\u00e3o que se manifestou contraria a tentativa de distanciar a vinda da Caixa para a cidade de Valen\u00e7a. A prefeitura por sua vez negou apesar da demora em ceder o documento a tentativa de frear a constru\u00e7\u00e3o da Caixa em Valen\u00e7a.<\/p>\n","protected":false},"excerpt":{"rendered":"<p>Depois da press\u00e3o popular a prefeitura de Valen\u00e7a resolveu entregar a certid\u00e3o assinada liberando a constru\u00e7\u00e3o do pr\u00e9dio, onde ir\u00e1 funcionar a ag\u00eancia da Caixa Econ\u00f4mica Federal em Valen\u00e7a. Desde&#8230;<\/p>\n","protected":false},"author":1,"featured_media":0,"comment_status":"open","ping_status":"open","sticky":false,"template":"","format":"standard","meta":{"ngg_post_thumbnail":0,"footnotes":""},"categories":[12],"tags":[],"class_list":["post-9838","post","type-post","status-publish","format-standard","hentry","category-valenca-news"],"views":626,"meta_data":{"thumb":"https:\/\/portalv1.com.br\/app\/wp-content\/uploads\/2011\/08\/caixa.jpg","data":{"simple":"15\/08\/2011","date_time":"15\/08\/2011 20:42:25","date":"h\u00e1 15 anos"},"chapeu":"","source":""},"_links":{"self":[{"href":"https:\/\/portalv1.com.br\/api\/wp\/v2\/posts\/9838","targetHints":{"allow":["GET"]}}],"collection":[{"href":"https:\/\/portalv1.com.br\/api\/wp\/v2\/posts"}],"about":[{"href":"https:\/\/portalv1.com.br\/api\/wp\/v2\/types\/post"}],"author":[{"embeddable":true,"href":"https:\/\/portalv1.com.br\/api\/wp\/v2\/users\/1"}],"replies":[{"embeddable":true,"href":"https:\/\/portalv1.com.br\/api\/wp\/v2\/comments?post=9838"}],"version-history":[{"count":0,"href":"https:\/\/portalv1.com.br\/api\/wp\/v2\/posts\/9838\/revisions"}],"wp:attachment":[{"href":"https:\/\/portalv1.com.br\/api\/wp\/v2\/media?parent=9838"}],"wp:term":[{"taxonomy":"category","embeddable":true,"href":"https:\/\/portalv1.com.br\/api\/wp\/v2\/categories?post=9838"},{"taxonomy":"post_tag","embeddable":true,"href":"https:\/\/portalv1.com.br\/api\/wp\/v2\/tags?post=9838"}],"curies":[{"name":"wp","href":"https:\/\/api.w.org\/{rel}","templated":true}]}}