{"id":98431,"date":"2021-08-17T09:08:06","date_gmt":"2021-08-17T12:08:06","guid":{"rendered":"https:\/\/portalv1.com.br\/?p=98431"},"modified":"2021-08-17T09:08:06","modified_gmt":"2021-08-17T12:08:06","slug":"julgamento-de-acusado-de-matar-homem-em-pimenteiras-e-adiado-pela-2a-vez-em-valenca","status":"publish","type":"post","link":"https:\/\/portalv1.com.br\/julgamento-de-acusado-de-matar-homem-em-pimenteiras-e-adiado-pela-2a-vez-em-valenca\/","title":{"rendered":"Julgamento de acusado de matar homem em Pimenteiras \u00e9 adiado pela 2\u00aa vez, em Valen\u00e7a"},"content":{"rendered":"<p>A sess\u00e3o do J\u00fari que julgaria Ant\u00f4nio Airton Macedo Teixeira marcado para essa ter\u00e7a-feira (17), foi cancelada pela segunda vez.<\/p>\n<p>Ele \u00e9 acusado de matar em 2012 com dois tiros de um rev\u00f3lver calibre 38, Jos\u00e9 Djailson Leal da Silva (26), na avenida principal da cidade de Pimenteiras, ap\u00f3s uma discuss\u00e3o. Ant\u00f4nio Airton Macedo Teixeira foi preso preventivamente no dia 14 de julho. O julgamento estava marcado para o dia 22 de julho, mas foi transferido para o dia 17 de agosto e nesta ter\u00e7a-feira, foi adiado agora sem data ainda definida pela Justi\u00e7a.<\/p>\n<p>O motivo do adiamento \u00e9 que n\u00e3o houve uma log\u00edstica para trazer o acusado do estado do Ceara para a cidade de Valen\u00e7a. &nbsp;&nbsp;<\/p>\n<p>Os julgamentos dessa quarta (18) e quinta-feira (19) est\u00e3o confirmados. &nbsp;Na quarta-feira, 18 de agosto, ser\u00e3o julgados Pedro Sousa Nascimento e Socorro Maria da Concei\u00e7\u00e3o, que no dia 12 de maio de 2018, o acusado Pedro Sousa tentou matar com golpes de foice Gerson Pedro do Nascimento, em sua resid\u00eancia, na cidade de Lagoa do S\u00edtio.<\/p>\n<p>Socorro Maria \u00e9 acusada de agredir com um peda\u00e7o de pau o sobrinho da v\u00edtima. Ci\u00fames seria a motiva\u00e7\u00e3o do fato.<\/p>\n<p>No dia 19 de agosto ser\u00e1 julgado Lindomar Jos\u00e9 da Costa, que segundo a den\u00fancia, no dia 17 de agosto de 2018, tentou matar sua ent\u00e3o companheira R.F.I e sua enteada M.F.S com golpes de faca por n\u00e3o aceitar o fim do relacionamento. As sess\u00f5es ser\u00e3o presididas pelo juiz Dr. Franco Morette.<\/p>\n","protected":false},"excerpt":{"rendered":"<p>A sess\u00e3o do J\u00fari que julgaria Ant\u00f4nio Airton Macedo Teixeira marcado para essa ter\u00e7a-feira (17), foi cancelada pela segunda vez. Ele \u00e9 acusado de matar em 2012 com dois tiros&#8230;<\/p>\n","protected":false},"author":1,"featured_media":50604,"comment_status":"open","ping_status":"open","sticky":false,"template":"","format":"standard","meta":{"ngg_post_thumbnail":0,"footnotes":""},"categories":[243],"tags":[],"class_list":["post-98431","post","type-post","status-publish","format-standard","has-post-thumbnail","hentry","category-geral"],"views":499,"meta_data":{"thumb":"https:\/\/portalv1.com.br\/app\/wp-content\/uploads\/2018\/05\/C-1024x635-Copy.jpg","imagem":{"fullsize":{"url":"https:\/\/portalv1.com.br\/app\/wp-content\/uploads\/2018\/05\/C-1024x635-Copy.jpg","width":640,"height":397},"thumbnail":{"url":"https:\/\/portalv1.com.br\/app\/wp-content\/uploads\/2018\/05\/C-1024x635-Copy-100x100.jpg","width":100,"height":100},"medium":{"url":"https:\/\/portalv1.com.br\/app\/wp-content\/uploads\/2018\/05\/C-1024x635-Copy-300x186.jpg","width":300,"height":186},"large":{"url":"https:\/\/portalv1.com.br\/app\/wp-content\/uploads\/2018\/05\/C-1024x635-Copy-640x397.jpg","width":640,"height":397}},"data":{"simple":"17\/08\/2021","date_time":"17\/08\/2021 06:08:06","date":"h\u00e1 5 anos"},"chapeu":"Veja motiovs","source":"m_destacada"},"_links":{"self":[{"href":"https:\/\/portalv1.com.br\/api\/wp\/v2\/posts\/98431","targetHints":{"allow":["GET"]}}],"collection":[{"href":"https:\/\/portalv1.com.br\/api\/wp\/v2\/posts"}],"about":[{"href":"https:\/\/portalv1.com.br\/api\/wp\/v2\/types\/post"}],"author":[{"embeddable":true,"href":"https:\/\/portalv1.com.br\/api\/wp\/v2\/users\/1"}],"replies":[{"embeddable":true,"href":"https:\/\/portalv1.com.br\/api\/wp\/v2\/comments?post=98431"}],"version-history":[{"count":0,"href":"https:\/\/portalv1.com.br\/api\/wp\/v2\/posts\/98431\/revisions"}],"wp:featuredmedia":[{"embeddable":true,"href":"https:\/\/portalv1.com.br\/api\/wp\/v2\/media\/50604"}],"wp:attachment":[{"href":"https:\/\/portalv1.com.br\/api\/wp\/v2\/media?parent=98431"}],"wp:term":[{"taxonomy":"category","embeddable":true,"href":"https:\/\/portalv1.com.br\/api\/wp\/v2\/categories?post=98431"},{"taxonomy":"post_tag","embeddable":true,"href":"https:\/\/portalv1.com.br\/api\/wp\/v2\/tags?post=98431"}],"curies":[{"name":"wp","href":"https:\/\/api.w.org\/{rel}","templated":true}]}}