{"id":98434,"date":"2021-08-17T14:33:47","date_gmt":"2021-08-17T17:33:47","guid":{"rendered":"https:\/\/portalv1.com.br\/?p=98434"},"modified":"2021-08-17T14:34:37","modified_gmt":"2021-08-17T17:34:37","slug":"em-teresina-lula-inaugura-reforma-de-escola-e-homenageia-vitimas-da-covid","status":"publish","type":"post","link":"https:\/\/portalv1.com.br\/em-teresina-lula-inaugura-reforma-de-escola-e-homenageia-vitimas-da-covid\/","title":{"rendered":"Em Teresina, Lula inaugura reforma de escola e homenageia v\u00edtimas da Covid"},"content":{"rendered":"<p><a href=\"https:\/\/portalv1.com.br\/app\/wp-content\/uploads\/2021\/08\/02.jpg\"><img loading=\"lazy\" decoding=\"async\" class=\"aligncenter size-large wp-image-98436\" src=\"https:\/\/portalv1.com.br\/app\/wp-content\/uploads\/2021\/08\/02-640x426.jpg\" alt=\"\" width=\"600\" height=\"399\" srcset=\"https:\/\/portalv1.com.br\/app\/wp-content\/uploads\/2021\/08\/02-640x426.jpg 640w, https:\/\/portalv1.com.br\/app\/wp-content\/uploads\/2021\/08\/02-300x200.jpg 300w, https:\/\/portalv1.com.br\/app\/wp-content\/uploads\/2021\/08\/02-768x511.jpg 768w, https:\/\/portalv1.com.br\/app\/wp-content\/uploads\/2021\/08\/02.jpg 790w\" sizes=\"auto, (max-width: 600px) 100vw, 600px\" \/><\/a>O ex-presidente Lula j\u00e1 desembarcou em um hangar do aeroporto de Teresina e foi recepcionado pelo governador Wellington Dias e pelo presidente estadual do PT, Francisco Limma.<\/p>\n<p>Ap\u00f3s o desembarque, ele seguiu para o CETI Pedra Mole, onde vai conhecer a amplia\u00e7\u00e3o realizada com recursos do programa Pr\u00f3-Piau\u00ed. Foram investidos na reforma R$ 998 mil.<\/p>\n<p>Na escola, Lula vai visitar a estrutura em que est\u00e3o matriculados 430 alunos de tempo integral. Em seguida, acontece um momento de fala, onde o ex-presidente vai ouvir estudantes e diretores.<\/p>\n<p>Tamb\u00e9m participam do evento cinco alunos do munic\u00edpio de Guaribas, da Universidade Aberta do Piau\u00ed.<\/p>\n<p>Um dos alunos do CETI Pedra Mole,&nbsp; J\u00falio Cesar Felix, de 17 anos, foi selecionado para falar em nome dos estudantes devido ao seu desempenho na escola.&#8221;Estou nervoso, com medo de errar, mas vou falar com o cora\u00e7\u00e3o&#8221;, disse o estudante.&nbsp;<\/p>\n<p>A diretora da escola, Carla Daiane Alencar, disse que s\u00e3o 430 alunos atendidos, entre ensino m\u00e9dio e EJA. Segundo ela, a escola vai voltar com o ensino presencial e h\u00edbrido a partir do dia 23 e um dos diferenciais \u00e9 a climatiza\u00e7\u00e3o em todos os espa\u00e7os, al\u00e9m de refeit\u00f3rio, salas de media\u00e7\u00e3o tecnologica e laborat\u00f3rios.&nbsp;<\/p>\n<p>Ap\u00f3s a solenidade no CETI Pedra Mole, Lula participar\u00e1 de um almo\u00e7o com membros da bancada do PT e presidentes de partidos aliados. O evento deve contar com a presen\u00e7a de nomes como Marcelo Castro e Themistocles Filho, ambos do MDB.&nbsp;<\/p>\n<p>O encontro com empres\u00e1rios, inicialmente previsto para hoje s\u00f3 deve ocorrer amanh\u00e3, em um outro almo\u00e7o. De acordo com os organizadores, pelo menos 30 empres\u00e1rios, de v\u00e1rias \u00e1reas, foram convidados para dialogar com o ex-presidente.<\/p>\n<p><a href=\"https:\/\/portalv1.com.br\/app\/wp-content\/uploads\/2021\/08\/01-3.jpg\"><img loading=\"lazy\" decoding=\"async\" class=\"aligncenter size-large wp-image-98435\" src=\"https:\/\/portalv1.com.br\/app\/wp-content\/uploads\/2021\/08\/01-3-640x480.jpg\" alt=\"\" width=\"600\" height=\"450\" srcset=\"https:\/\/portalv1.com.br\/app\/wp-content\/uploads\/2021\/08\/01-3-640x480.jpg 640w, https:\/\/portalv1.com.br\/app\/wp-content\/uploads\/2021\/08\/01-3-300x225.jpg 300w, https:\/\/portalv1.com.br\/app\/wp-content\/uploads\/2021\/08\/01-3-768x576.jpg 768w, https:\/\/portalv1.com.br\/app\/wp-content\/uploads\/2021\/08\/01-3.jpg 790w\" sizes=\"auto, (max-width: 600px) 100vw, 600px\" \/><\/a><\/p>\n<p><strong>Atualizada \u00e0s 11h45<\/strong>&nbsp;<\/p>\n<p>O ex-presidente Lula chegou ao CETI Pedra Mole por volta das 11h45 e teve uma recep\u00e7\u00e3o calorosa por parte de militantes do Partido dos Trabalhadores, que usaram faixas e bandeiras vermelhas. Ele participou do descerramento da faixa de inaugura\u00e7\u00e3o da reforma do local e passou a visitar a estrutura, acompanhado do governador Wellington Dias e de outras autoridades presentes.&nbsp;<\/p>\n<p>No p\u00e1tio da escola, Lula plantou uma muda de caneleiro em homenagem \u00e0s v\u00edtimas da covid-19. A a\u00e7\u00e3o faz parte de um projeto intitulado &#8216;recome\u00e7ar&#8217;.&nbsp;<\/p>\n<p>A presidente nacional do Partido dos Trabalhadores, deputada federal Gleisi Hoffman,&nbsp; acompanha a agenda do ex-presidente Lula em Teresina. A namorada de Lula, Ros\u00e2ngela Sousa, a Janja, tamb\u00e9m acompanha a visita.&nbsp;<\/p>\n<p>Fonte: cidadeverde<\/p>\n","protected":false},"excerpt":{"rendered":"<p>O ex-presidente Lula j\u00e1 desembarcou em um hangar do aeroporto de Teresina e foi recepcionado pelo governador Wellington Dias e pelo presidente estadual do PT, Francisco Limma. Ap\u00f3s o desembarque,&#8230;<\/p>\n","protected":false},"author":1,"featured_media":98435,"comment_status":"open","ping_status":"open","sticky":false,"template":"","format":"standard","meta":{"ngg_post_thumbnail":0,"footnotes":""},"categories":[243],"tags":[],"class_list":["post-98434","post","type-post","status-publish","format-standard","has-post-thumbnail","hentry","category-geral"],"views":252,"meta_data":{"thumb":"https:\/\/portalv1.com.br\/app\/wp-content\/uploads\/2021\/08\/01-3.jpg","imagem":{"fullsize":{"url":"https:\/\/portalv1.com.br\/app\/wp-content\/uploads\/2021\/08\/01-3.jpg","width":790,"height":592},"medium":{"url":"https:\/\/portalv1.com.br\/app\/wp-content\/uploads\/2021\/08\/01-3-300x225.jpg","width":300,"height":225},"large":{"url":"https:\/\/portalv1.com.br\/app\/wp-content\/uploads\/2021\/08\/01-3-640x480.jpg","width":640,"height":480},"thumbnail":{"url":"https:\/\/portalv1.com.br\/app\/wp-content\/uploads\/2021\/08\/01-3-100x100.jpg","width":100,"height":100},"medium_large":{"url":"https:\/\/portalv1.com.br\/app\/wp-content\/uploads\/2021\/08\/01-3-768x576.jpg","width":768,"height":576}},"data":{"simple":"17\/08\/2021","date_time":"17\/08\/2021 11:33:47","date":"h\u00e1 5 anos"},"chapeu":"Saiba Detalhes ","source":"m_destacada"},"_links":{"self":[{"href":"https:\/\/portalv1.com.br\/api\/wp\/v2\/posts\/98434","targetHints":{"allow":["GET"]}}],"collection":[{"href":"https:\/\/portalv1.com.br\/api\/wp\/v2\/posts"}],"about":[{"href":"https:\/\/portalv1.com.br\/api\/wp\/v2\/types\/post"}],"author":[{"embeddable":true,"href":"https:\/\/portalv1.com.br\/api\/wp\/v2\/users\/1"}],"replies":[{"embeddable":true,"href":"https:\/\/portalv1.com.br\/api\/wp\/v2\/comments?post=98434"}],"version-history":[{"count":0,"href":"https:\/\/portalv1.com.br\/api\/wp\/v2\/posts\/98434\/revisions"}],"wp:featuredmedia":[{"embeddable":true,"href":"https:\/\/portalv1.com.br\/api\/wp\/v2\/media\/98435"}],"wp:attachment":[{"href":"https:\/\/portalv1.com.br\/api\/wp\/v2\/media?parent=98434"}],"wp:term":[{"taxonomy":"category","embeddable":true,"href":"https:\/\/portalv1.com.br\/api\/wp\/v2\/categories?post=98434"},{"taxonomy":"post_tag","embeddable":true,"href":"https:\/\/portalv1.com.br\/api\/wp\/v2\/tags?post=98434"}],"curies":[{"name":"wp","href":"https:\/\/api.w.org\/{rel}","templated":true}]}}