{"id":98608,"date":"2021-08-19T12:39:52","date_gmt":"2021-08-19T15:39:52","guid":{"rendered":"https:\/\/portalv1.com.br\/?p=98608"},"modified":"2021-08-20T01:27:55","modified_gmt":"2021-08-20T04:27:55","slug":"wellington-dias-visita-nesta-sexta-feira-valenca-pimenteiras-lagoa-do-sitio-e-aroazes","status":"publish","type":"post","link":"https:\/\/portalv1.com.br\/wellington-dias-visita-nesta-sexta-feira-valenca-pimenteiras-lagoa-do-sitio-e-aroazes\/","title":{"rendered":"Wellington Dias visita nesta sexta-feira, Valen\u00e7a, Pimenteiras, Lagoa do Sitio e Aroazes"},"content":{"rendered":"<figure id=\"attachment_68430\" aria-describedby=\"caption-attachment-68430\" style=\"width: 600px\" class=\"wp-caption aligncenter\"><a href=\"https:\/\/portalv1.com.br\/app\/wp-content\/uploads\/2019\/02\/wellington-dias-640x427.jpg\"><img loading=\"lazy\" decoding=\"async\" class=\"size-large wp-image-68430\" src=\"https:\/\/portalv1.com.br\/app\/wp-content\/uploads\/2019\/02\/wellington-dias-640x427-640x427.jpg\" alt=\"\" width=\"600\" height=\"400\" srcset=\"https:\/\/portalv1.com.br\/app\/wp-content\/uploads\/2019\/02\/wellington-dias-640x427.jpg 640w, https:\/\/portalv1.com.br\/app\/wp-content\/uploads\/2019\/02\/wellington-dias-640x427-300x200.jpg 300w\" sizes=\"auto, (max-width: 600px) 100vw, 600px\" \/><\/a><figcaption id=\"caption-attachment-68430\" class=\"wp-caption-text\">Wellington Dias<\/figcaption><\/figure>\n<p>O governador Wellington Dias visitar\u00e1 Valen\u00e7a, Pimenteiras, Lagoa do S\u00edtio e Aroazes nessa sexta-feira, 20 de agosto. De acordo com a agenda oficial, o governador e comitiva chegam em Valen\u00e7a por volta das 07h da manh\u00e3, participam de evento do Projeto Recordar com o plantio de \u00e1rvore em mem\u00f3ria das v\u00edtimas da covid-19.<\/p>\n<p>Inaugura obras de pavimenta\u00e7\u00e3o poli\u00e9drica em ruas do bairro Lavanderia e participa de solenidade no Col\u00e9gio Santo Ant\u00f4nio de assinaturas de novos projetos, atrav\u00e9s do PRO Piau\u00ed, juntamente com o secret\u00e1rio de Estado da Fazenda e coordenador do PRO Piau\u00ed, Rafael Fonteles.<\/p>\n<p>Em seguida, viaja \u00e0 Pimenteiras, onde participa de inaugura\u00e7\u00f5es e lan\u00e7amento de novos projetos do PRO Piau\u00ed. Na sequ\u00eancia, ele se deslocar\u00e1 at\u00e9 a cidade de Lagoa do S\u00edtio, onde autoriza obras por interm\u00e9dio do PRO Piau\u00ed<\/p>\n<p>A agenda terminar\u00e1 em Aroazes, onde ao lado do prefeito Manoel Portela, inaugura a pavimenta\u00e7\u00e3o poli\u00e9drica da localidade Barro Vermelho, visita a reforma do Mercado Central, visita a constru\u00e7\u00e3o da Pra\u00e7a de Eventos, inaugura obras da Unidade Escolar Os\u00f3rio do Vale, participa do projeto Recordar, inaugura obras da Unidade Escolar Manoel Portela e assina ao lado do secret\u00e1rio de Estado da Fazenda e coordenador do PRO Piau\u00ed, Rafael Fonteles, novos projetos para o munic\u00edpio em solenidade na Unidade Escolar Manoel Portela.&nbsp;<a href=\"https:\/\/portalv1.com.br\/app\/wp-content\/uploads\/2021\/08\/AGENDA-GOVERNADOR-W-DIAS-VALENCA-E-REGIAO-AGOSTO-DE-2021-1.pdf\">Veja a agenda aqui<\/a><\/p>\n<p>&nbsp;<\/p>\n","protected":false},"excerpt":{"rendered":"<p>O governador Wellington Dias visitar\u00e1 Valen\u00e7a, Pimenteiras, Lagoa do S\u00edtio e Aroazes nessa sexta-feira, 20 de agosto. De acordo com a agenda oficial, o governador e comitiva chegam em Valen\u00e7a&#8230;<\/p>\n","protected":false},"author":1,"featured_media":68430,"comment_status":"open","ping_status":"open","sticky":false,"template":"","format":"standard","meta":{"ngg_post_thumbnail":0,"footnotes":""},"categories":[243],"tags":[],"class_list":["post-98608","post","type-post","status-publish","format-standard","has-post-thumbnail","hentry","category-geral"],"views":591,"meta_data":{"thumb":"https:\/\/portalv1.com.br\/app\/wp-content\/uploads\/2019\/02\/wellington-dias-640x427.jpg","imagem":{"fullsize":{"url":"https:\/\/portalv1.com.br\/app\/wp-content\/uploads\/2019\/02\/wellington-dias-640x427.jpg","width":640,"height":427},"thumbnail":{"url":"https:\/\/portalv1.com.br\/app\/wp-content\/uploads\/2019\/02\/wellington-dias-640x427-100x100.jpg","width":100,"height":100},"medium":{"url":"https:\/\/portalv1.com.br\/app\/wp-content\/uploads\/2019\/02\/wellington-dias-640x427-300x200.jpg","width":300,"height":200},"large":{"url":"https:\/\/portalv1.com.br\/app\/wp-content\/uploads\/2019\/02\/wellington-dias-640x427-640x427.jpg","width":640,"height":427}},"data":{"simple":"19\/08\/2021","date_time":"19\/08\/2021 09:39:52","date":"h\u00e1 5 anos"},"chapeu":"Veja detalhes ","source":"retirar"},"_links":{"self":[{"href":"https:\/\/portalv1.com.br\/api\/wp\/v2\/posts\/98608","targetHints":{"allow":["GET"]}}],"collection":[{"href":"https:\/\/portalv1.com.br\/api\/wp\/v2\/posts"}],"about":[{"href":"https:\/\/portalv1.com.br\/api\/wp\/v2\/types\/post"}],"author":[{"embeddable":true,"href":"https:\/\/portalv1.com.br\/api\/wp\/v2\/users\/1"}],"replies":[{"embeddable":true,"href":"https:\/\/portalv1.com.br\/api\/wp\/v2\/comments?post=98608"}],"version-history":[{"count":0,"href":"https:\/\/portalv1.com.br\/api\/wp\/v2\/posts\/98608\/revisions"}],"wp:featuredmedia":[{"embeddable":true,"href":"https:\/\/portalv1.com.br\/api\/wp\/v2\/media\/68430"}],"wp:attachment":[{"href":"https:\/\/portalv1.com.br\/api\/wp\/v2\/media?parent=98608"}],"wp:term":[{"taxonomy":"category","embeddable":true,"href":"https:\/\/portalv1.com.br\/api\/wp\/v2\/categories?post=98608"},{"taxonomy":"post_tag","embeddable":true,"href":"https:\/\/portalv1.com.br\/api\/wp\/v2\/tags?post=98608"}],"curies":[{"name":"wp","href":"https:\/\/api.w.org\/{rel}","templated":true}]}}