{"id":9877,"date":"2011-08-18T00:10:39","date_gmt":"2011-08-18T03:10:39","guid":{"rendered":"https:\/\/portalv1.com.br\/?p=9877"},"modified":"2011-08-18T00:10:39","modified_gmt":"2011-08-18T03:10:39","slug":"quinta-feira-de-comemoracao-para-a-empresaria-liduina-alencar","status":"publish","type":"post","link":"https:\/\/portalv1.com.br\/quinta-feira-de-comemoracao-para-a-empresaria-liduina-alencar\/","title":{"rendered":"Quinta-feira de comemora\u00e7\u00e3o para a empresaria Liduina Alencar"},"content":{"rendered":"<figure id=\"attachment_9878\" aria-describedby=\"caption-attachment-9878\" style=\"width: 300px\" class=\"wp-caption alignright\"><a href=\"https:\/\/portalv1.com.br\/app\/wp-content\/uploads\/2011\/08\/Tina-Collor-capa.jpg\"><img loading=\"lazy\" decoding=\"async\" class=\"size-full wp-image-9878\" title=\"Tina-Collor-capa\" src=\"https:\/\/portalv1.com.br\/app\/wp-content\/uploads\/2011\/08\/Tina-Collor-capa.jpg\" alt=\"\" width=\"300\" height=\"183\" \/><\/a><figcaption id=\"caption-attachment-9878\" class=\"wp-caption-text\">Liduina Alencar entre os filhos e esposo Rubens Alencar<\/figcaption><\/figure>\n<p>Os parab\u00e9ns desta quinta-feira (18) vai para a empresaria Liduina Alencar. Hoje quinta-feira ela completa mais uma data natal\u00edcia e recebe os parab\u00e9ns dos amigos e familiares. No \u00faltimo m\u00eas de maio, a empres\u00e1ria recebeu o canudo pela conclus\u00e3o do curso de Administra\u00e7\u00e3o pela Associa\u00e7\u00e3o Internacional de Educa\u00e7\u00e3o Continuada (AIEC) fechando mais uma etapa em sua vida.<\/p>\n<p>Liduina Alencar comando com muita determina\u00e7\u00e3o e compet\u00eancia a Loja A Barrigudinha. O portalv1 parabeniza a empresaria desejando votos de muita felicidade.<\/p>\n","protected":false},"excerpt":{"rendered":"<p>Os parab\u00e9ns desta quinta-feira (18) vai para a empresaria Liduina Alencar. Hoje quinta-feira ela completa mais uma data natal\u00edcia e recebe os parab\u00e9ns dos amigos e familiares. No \u00faltimo m\u00eas&#8230;<\/p>\n","protected":false},"author":1,"featured_media":0,"comment_status":"open","ping_status":"open","sticky":false,"template":"","format":"standard","meta":{"ngg_post_thumbnail":0,"footnotes":""},"categories":[243],"tags":[],"class_list":["post-9877","post","type-post","status-publish","format-standard","hentry","category-geral"],"views":819,"meta_data":{"thumb":"https:\/\/portalv1.com.br\/app\/wp-content\/uploads\/2011\/08\/Tina-Collor-capa.jpg","data":{"simple":"17\/08\/2011","date_time":"17\/08\/2011 21:10:39","date":"h\u00e1 15 anos"},"chapeu":"","source":""},"_links":{"self":[{"href":"https:\/\/portalv1.com.br\/api\/wp\/v2\/posts\/9877","targetHints":{"allow":["GET"]}}],"collection":[{"href":"https:\/\/portalv1.com.br\/api\/wp\/v2\/posts"}],"about":[{"href":"https:\/\/portalv1.com.br\/api\/wp\/v2\/types\/post"}],"author":[{"embeddable":true,"href":"https:\/\/portalv1.com.br\/api\/wp\/v2\/users\/1"}],"replies":[{"embeddable":true,"href":"https:\/\/portalv1.com.br\/api\/wp\/v2\/comments?post=9877"}],"version-history":[{"count":0,"href":"https:\/\/portalv1.com.br\/api\/wp\/v2\/posts\/9877\/revisions"}],"wp:attachment":[{"href":"https:\/\/portalv1.com.br\/api\/wp\/v2\/media?parent=9877"}],"wp:term":[{"taxonomy":"category","embeddable":true,"href":"https:\/\/portalv1.com.br\/api\/wp\/v2\/categories?post=9877"},{"taxonomy":"post_tag","embeddable":true,"href":"https:\/\/portalv1.com.br\/api\/wp\/v2\/tags?post=9877"}],"curies":[{"name":"wp","href":"https:\/\/api.w.org\/{rel}","templated":true}]}}