{"id":9891,"date":"2011-08-18T23:18:03","date_gmt":"2011-08-19T02:18:03","guid":{"rendered":"https:\/\/portalv1.com.br\/?p=9891"},"modified":"2011-08-20T08:09:37","modified_gmt":"2011-08-20T11:09:37","slug":"sescsenac-oferecera-um-dia-inteiro-de-atividades-gratuitas","status":"publish","type":"post","link":"https:\/\/portalv1.com.br\/sescsenac-oferecera-um-dia-inteiro-de-atividades-gratuitas\/","title":{"rendered":"Hoje tem muitas atividades no Sesc\/Senac a parti das 8h.Veja"},"content":{"rendered":"<figure id=\"attachment_9892\" aria-describedby=\"caption-attachment-9892\" style=\"width: 300px\" class=\"wp-caption alignright\"><a href=\"https:\/\/portalv1.com.br\/app\/wp-content\/uploads\/2011\/08\/sesc1.jpg\"><img loading=\"lazy\" decoding=\"async\" class=\"size-full wp-image-9892\" title=\"sesc\" src=\"https:\/\/portalv1.com.br\/app\/wp-content\/uploads\/2011\/08\/sesc1.jpg\" alt=\"\" width=\"300\" height=\"183\" \/><\/a><figcaption id=\"caption-attachment-9892\" class=\"wp-caption-text\">Equipe do Sesc\/Senac de Valen\u00e7a do Piaui<\/figcaption><\/figure>\n<p>A Unidade Operacional Sesc\/Senac realiza neste s\u00e1bado (20) das 08h da manha as 08h da noite um dia inteiro de atividades em sua sede. O evento marca o inicio das atividades da unidade que em Valen\u00e7a funciona na Rua General Propecio de Castro em Frente ao Terminal Rodovi\u00e1rio.<\/p>\n<p>Teatro, exposi\u00e7\u00e3o fotogr\u00e1fica, torneios esportivos, cartunista, jogos de mesa domin\u00f3, baralho, sinuca e xadrez, salas com atividades para os jovens, danceterias acesso a internet, biblioteca, sal\u00e3o de beleza com cortes, maquiagens e unhas decoradas ser\u00e3o algumas das atividades que ser\u00e3o desenvolvidas no decorrer do dia.<\/p>\n<p>A noite ter\u00e1 musica ao vivo com o cantor Hilton Cezar. Todas as atividades ser\u00e3o gratuitas.<\/p>\n","protected":false},"excerpt":{"rendered":"<p>A Unidade Operacional Sesc\/Senac realiza neste s\u00e1bado (20) das 08h da manha as 08h da noite um dia inteiro de atividades em sua sede. O evento marca o inicio das&#8230;<\/p>\n","protected":false},"author":1,"featured_media":0,"comment_status":"open","ping_status":"open","sticky":false,"template":"","format":"standard","meta":{"ngg_post_thumbnail":0,"footnotes":""},"categories":[12],"tags":[],"class_list":["post-9891","post","type-post","status-publish","format-standard","hentry","category-valenca-news"],"views":684,"meta_data":{"thumb":"https:\/\/portalv1.com.br\/app\/wp-content\/uploads\/2011\/08\/sesc1.jpg","data":{"simple":"18\/08\/2011","date_time":"18\/08\/2011 20:18:03","date":"h\u00e1 15 anos"},"chapeu":"","source":""},"_links":{"self":[{"href":"https:\/\/portalv1.com.br\/api\/wp\/v2\/posts\/9891","targetHints":{"allow":["GET"]}}],"collection":[{"href":"https:\/\/portalv1.com.br\/api\/wp\/v2\/posts"}],"about":[{"href":"https:\/\/portalv1.com.br\/api\/wp\/v2\/types\/post"}],"author":[{"embeddable":true,"href":"https:\/\/portalv1.com.br\/api\/wp\/v2\/users\/1"}],"replies":[{"embeddable":true,"href":"https:\/\/portalv1.com.br\/api\/wp\/v2\/comments?post=9891"}],"version-history":[{"count":0,"href":"https:\/\/portalv1.com.br\/api\/wp\/v2\/posts\/9891\/revisions"}],"wp:attachment":[{"href":"https:\/\/portalv1.com.br\/api\/wp\/v2\/media?parent=9891"}],"wp:term":[{"taxonomy":"category","embeddable":true,"href":"https:\/\/portalv1.com.br\/api\/wp\/v2\/categories?post=9891"},{"taxonomy":"post_tag","embeddable":true,"href":"https:\/\/portalv1.com.br\/api\/wp\/v2\/tags?post=9891"}],"curies":[{"name":"wp","href":"https:\/\/api.w.org\/{rel}","templated":true}]}}