{"id":99185,"date":"2021-08-28T18:38:20","date_gmt":"2021-08-28T21:38:20","guid":{"rendered":"https:\/\/portalv1.com.br\/?p=99185"},"modified":"2021-08-28T18:38:20","modified_gmt":"2021-08-28T21:38:20","slug":"queimada-na-regiao-da-fazenda-velha-em-valenca-e-uma-das-maiores-do-estado","status":"publish","type":"post","link":"https:\/\/portalv1.com.br\/queimada-na-regiao-da-fazenda-velha-em-valenca-e-uma-das-maiores-do-estado\/","title":{"rendered":"Queimada na regi\u00e3o da Fazenda Velha em Valen\u00e7a \u00e9 uma das maiores do estado"},"content":{"rendered":"<p>Foi realizada na manh\u00e3 deste s\u00e1bado (28), pela Secretaria Municipal de Meio Ambiente de Valen\u00e7a e pela Brigada Municipal uma panfletagem no Mercado Xer\u00e9m para chamar aten\u00e7\u00e3o da popula\u00e7\u00e3o para os perigos das queimadas.<\/p>\n<p>De acordo com o secret\u00e1rio de meio ambiente, Adnan Lima, a secretaria juntamente com os parceiros vem realizando um conjunto de a\u00e7\u00f5es para conscientizar a popula\u00e7\u00e3o sobre o combate as queimadas, ato comum nesse per\u00edodo em nossa regi\u00e3o.<\/p>\n<p>Adnan Lima informou que neste s\u00e1bado, a cidade de Valen\u00e7a tem uma das maiores queimadas do estado na regi\u00e3o da localidade Fazenda Velha.<\/p>\n<p>\u201cRecebemos um comunicado dos bombeiros de Picos, que vem monitorando via sat\u00e9lite essas queimadas e que Valen\u00e7a se encontra com uma das maiores do estado. A brigada de Picos j\u00e1 veio, solicitamos a de Teresina que est\u00e1 para chegar e juntamente com a de Valen\u00e7a vamos para l\u00e1 para combater esse fogo para que ele n\u00e3o avance\u201d disse.<\/p>\n<p>O comandante da brigada Alexandre Nunes informou que o inc\u00eandio supera 20 km. Assista as entrevistas.<\/p>\n<p><div class=\"content-iframe\" data-content-width=\"600\"><iframe loading=\"lazy\" style=\"border: none; overflow: hidden;\" src=\"https:\/\/www.facebook.com\/plugins\/video.php?height=314&amp;href=https%3A%2F%2Fwww.facebook.com%2FSergioAlvesValenca%2Fvideos%2F130153599256066%2F&amp;show_text=false&amp;width=560&amp;t=0\" width=\"560\" height=\"314\" frameborder=\"0\" scrolling=\"no\" allowfullscreen=\"allowfullscreen\"><\/iframe><\/div>&nbsp;<\/p>\n<p>&nbsp;<\/p>\n<div class=\"ngg-galleryoverview\" id=\"1\">\n                    <div data-widget=\"Galeria\" data-props=\"{&quot;galeria&quot;:{&quot;max_page&quot;:1,&quot;total&quot;:20,&quot;gallery_id&quot;:1,&quot;images&quot;:[{&quot;thumbcode&quot;:&quot;https:\\\/\\\/portalv1.com.br\\\/app\\\/wp-content\\\/uploads\\\/2021\\\/08\\\/3e87c5d4-49f0-4ae2-ba10-6ea26ead4167-400x250.jpg&quot;,&quot;imageURL&quot;:&quot;https:\\\/\\\/portalv1.com.br\\\/app\\\/wp-content\\\/uploads\\\/2021\\\/08\\\/3e87c5d4-49f0-4ae2-ba10-6ea26ead4167.jpg&quot;,&quot;pid&quot;:99186,&quot;galleryid&quot;:1,&quot;description&quot;:&quot;&quot;,&quot;alttext&quot;:&quot;Queimada na regi\\u00e3o da Fazenda Velha em Valen\\u00e7a \\u00e9 uma das maiores do estado&quot;,&quot;thumbnailURL&quot;:&quot;https:\\\/\\\/portalv1.com.br\\\/app\\\/wp-content\\\/uploads\\\/2021\\\/08\\\/3e87c5d4-49f0-4ae2-ba10-6ea26ead4167-400x250.jpg&quot;,&quot;style&quot;:&quot;&quot;},{&quot;thumbcode&quot;:&quot;https:\\\/\\\/portalv1.com.br\\\/app\\\/wp-content\\\/uploads\\\/2021\\\/08\\\/4c6c9cd5-4c16-4c87-8df4-1961253b64a1-400x250.jpg&quot;,&quot;imageURL&quot;:&quot;https:\\\/\\\/portalv1.com.br\\\/app\\\/wp-content\\\/uploads\\\/2021\\\/08\\\/4c6c9cd5-4c16-4c87-8df4-1961253b64a1.jpg&quot;,&quot;pid&quot;:99187,&quot;galleryid&quot;:1,&quot;description&quot;:&quot;&quot;,&quot;alttext&quot;:&quot;Queimada na regi\\u00e3o da Fazenda Velha em Valen\\u00e7a \\u00e9 uma das maiores do estado&quot;,&quot;thumbnailURL&quot;:&quot;https:\\\/\\\/portalv1.com.br\\\/app\\\/wp-content\\\/uploads\\\/2021\\\/08\\\/4c6c9cd5-4c16-4c87-8df4-1961253b64a1-400x250.jpg&quot;,&quot;style&quot;:&quot;&quot;},{&quot;thumbcode&quot;:&quot;https:\\\/\\\/portalv1.com.br\\\/app\\\/wp-content\\\/uploads\\\/2021\\\/08\\\/7fb0b1fd-60e9-486e-b154-d3821136ca1d-400x250.jpg&quot;,&quot;imageURL&quot;:&quot;https:\\\/\\\/portalv1.com.br\\\/app\\\/wp-content\\\/uploads\\\/2021\\\/08\\\/7fb0b1fd-60e9-486e-b154-d3821136ca1d.jpg&quot;,&quot;pid&quot;:99188,&quot;galleryid&quot;:1,&quot;description&quot;:&quot;&quot;,&quot;alttext&quot;:&quot;Queimada na regi\\u00e3o da Fazenda Velha em Valen\\u00e7a \\u00e9 uma das maiores do estado&quot;,&quot;thumbnailURL&quot;:&quot;https:\\\/\\\/portalv1.com.br\\\/app\\\/wp-content\\\/uploads\\\/2021\\\/08\\\/7fb0b1fd-60e9-486e-b154-d3821136ca1d-400x250.jpg&quot;,&quot;style&quot;:&quot;&quot;},{&quot;thumbcode&quot;:&quot;https:\\\/\\\/portalv1.com.br\\\/app\\\/wp-content\\\/uploads\\\/2021\\\/08\\\/16b4ab08-09e9-4d88-a27b-5267c01640ec-400x250.jpg&quot;,&quot;imageURL&quot;:&quot;https:\\\/\\\/portalv1.com.br\\\/app\\\/wp-content\\\/uploads\\\/2021\\\/08\\\/16b4ab08-09e9-4d88-a27b-5267c01640ec.jpg&quot;,&quot;pid&quot;:99189,&quot;galleryid&quot;:1,&quot;description&quot;:&quot;&quot;,&quot;alttext&quot;:&quot;Queimada na regi\\u00e3o da Fazenda Velha em Valen\\u00e7a \\u00e9 uma das maiores do estado&quot;,&quot;thumbnailURL&quot;:&quot;https:\\\/\\\/portalv1.com.br\\\/app\\\/wp-content\\\/uploads\\\/2021\\\/08\\\/16b4ab08-09e9-4d88-a27b-5267c01640ec-400x250.jpg&quot;,&quot;style&quot;:&quot;&quot;},{&quot;thumbcode&quot;:&quot;https:\\\/\\\/portalv1.com.br\\\/app\\\/wp-content\\\/uploads\\\/2021\\\/08\\\/77b61496-d8eb-4938-b04f-1fac2913cc6d-400x250.jpg&quot;,&quot;imageURL&quot;:&quot;https:\\\/\\\/portalv1.com.br\\\/app\\\/wp-content\\\/uploads\\\/2021\\\/08\\\/77b61496-d8eb-4938-b04f-1fac2913cc6d.jpg&quot;,&quot;pid&quot;:99190,&quot;galleryid&quot;:1,&quot;description&quot;:&quot;&quot;,&quot;alttext&quot;:&quot;Queimada na regi\\u00e3o da Fazenda Velha em Valen\\u00e7a \\u00e9 uma das maiores do estado&quot;,&quot;thumbnailURL&quot;:&quot;https:\\\/\\\/portalv1.com.br\\\/app\\\/wp-content\\\/uploads\\\/2021\\\/08\\\/77b61496-d8eb-4938-b04f-1fac2913cc6d-400x250.jpg&quot;,&quot;style&quot;:&quot;&quot;},{&quot;thumbcode&quot;:&quot;https:\\\/\\\/portalv1.com.br\\\/app\\\/wp-content\\\/uploads\\\/2021\\\/08\\\/123f8fdb-d83e-41fb-b904-72375720724d-400x250.jpg&quot;,&quot;imageURL&quot;:&quot;https:\\\/\\\/portalv1.com.br\\\/app\\\/wp-content\\\/uploads\\\/2021\\\/08\\\/123f8fdb-d83e-41fb-b904-72375720724d.jpg&quot;,&quot;pid&quot;:99191,&quot;galleryid&quot;:1,&quot;description&quot;:&quot;&quot;,&quot;alttext&quot;:&quot;Queimada na regi\\u00e3o da Fazenda Velha em Valen\\u00e7a \\u00e9 uma das maiores do estado&quot;,&quot;thumbnailURL&quot;:&quot;https:\\\/\\\/portalv1.com.br\\\/app\\\/wp-content\\\/uploads\\\/2021\\\/08\\\/123f8fdb-d83e-41fb-b904-72375720724d-400x250.jpg&quot;,&quot;style&quot;:&quot;&quot;},{&quot;thumbcode&quot;:&quot;https:\\\/\\\/portalv1.com.br\\\/app\\\/wp-content\\\/uploads\\\/2021\\\/08\\\/263ffcf1-9677-4041-a57c-0b2f9c8b09f0-400x250.jpg&quot;,&quot;imageURL&quot;:&quot;https:\\\/\\\/portalv1.com.br\\\/app\\\/wp-content\\\/uploads\\\/2021\\\/08\\\/263ffcf1-9677-4041-a57c-0b2f9c8b09f0.jpg&quot;,&quot;pid&quot;:99192,&quot;galleryid&quot;:1,&quot;description&quot;:&quot;&quot;,&quot;alttext&quot;:&quot;Queimada na regi\\u00e3o da Fazenda Velha em Valen\\u00e7a \\u00e9 uma das maiores do estado&quot;,&quot;thumbnailURL&quot;:&quot;https:\\\/\\\/portalv1.com.br\\\/app\\\/wp-content\\\/uploads\\\/2021\\\/08\\\/263ffcf1-9677-4041-a57c-0b2f9c8b09f0-400x250.jpg&quot;,&quot;style&quot;:&quot;&quot;},{&quot;thumbcode&quot;:&quot;https:\\\/\\\/portalv1.com.br\\\/app\\\/wp-content\\\/uploads\\\/2021\\\/08\\\/900c1a95-d280-46c2-8c59-b7373535e40f-400x250.jpg&quot;,&quot;imageURL&quot;:&quot;https:\\\/\\\/portalv1.com.br\\\/app\\\/wp-content\\\/uploads\\\/2021\\\/08\\\/900c1a95-d280-46c2-8c59-b7373535e40f.jpg&quot;,&quot;pid&quot;:99193,&quot;galleryid&quot;:1,&quot;description&quot;:&quot;&quot;,&quot;alttext&quot;:&quot;Queimada na regi\\u00e3o da Fazenda Velha em Valen\\u00e7a \\u00e9 uma das maiores do estado&quot;,&quot;thumbnailURL&quot;:&quot;https:\\\/\\\/portalv1.com.br\\\/app\\\/wp-content\\\/uploads\\\/2021\\\/08\\\/900c1a95-d280-46c2-8c59-b7373535e40f-400x250.jpg&quot;,&quot;style&quot;:&quot;&quot;},{&quot;thumbcode&quot;:&quot;https:\\\/\\\/portalv1.com.br\\\/app\\\/wp-content\\\/uploads\\\/2021\\\/08\\\/b712b29f-2184-4ff9-bbf1-d54fd6b4a962-400x250.jpg&quot;,&quot;imageURL&quot;:&quot;https:\\\/\\\/portalv1.com.br\\\/app\\\/wp-content\\\/uploads\\\/2021\\\/08\\\/b712b29f-2184-4ff9-bbf1-d54fd6b4a962.jpg&quot;,&quot;pid&quot;:99194,&quot;galleryid&quot;:1,&quot;description&quot;:&quot;&quot;,&quot;alttext&quot;:&quot;Queimada na regi\\u00e3o da Fazenda Velha em Valen\\u00e7a \\u00e9 uma das maiores do estado&quot;,&quot;thumbnailURL&quot;:&quot;https:\\\/\\\/portalv1.com.br\\\/app\\\/wp-content\\\/uploads\\\/2021\\\/08\\\/b712b29f-2184-4ff9-bbf1-d54fd6b4a962-400x250.jpg&quot;,&quot;style&quot;:&quot;&quot;},{&quot;thumbcode&quot;:&quot;https:\\\/\\\/portalv1.com.br\\\/app\\\/wp-content\\\/uploads\\\/2021\\\/08\\\/c2f4fad6-0102-4cfd-bfba-eb13ecfafd79-400x250.jpg&quot;,&quot;imageURL&quot;:&quot;https:\\\/\\\/portalv1.com.br\\\/app\\\/wp-content\\\/uploads\\\/2021\\\/08\\\/c2f4fad6-0102-4cfd-bfba-eb13ecfafd79.jpg&quot;,&quot;pid&quot;:99195,&quot;galleryid&quot;:1,&quot;description&quot;:&quot;&quot;,&quot;alttext&quot;:&quot;Queimada na regi\\u00e3o da Fazenda Velha em Valen\\u00e7a \\u00e9 uma das maiores do estado&quot;,&quot;thumbnailURL&quot;:&quot;https:\\\/\\\/portalv1.com.br\\\/app\\\/wp-content\\\/uploads\\\/2021\\\/08\\\/c2f4fad6-0102-4cfd-bfba-eb13ecfafd79-400x250.jpg&quot;,&quot;style&quot;:&quot;&quot;},{&quot;thumbcode&quot;:&quot;https:\\\/\\\/portalv1.com.br\\\/app\\\/wp-content\\\/uploads\\\/2021\\\/08\\\/c48594cc-c5a0-486a-85e1-5c7275dd0be5-400x250.jpg&quot;,&quot;imageURL&quot;:&quot;https:\\\/\\\/portalv1.com.br\\\/app\\\/wp-content\\\/uploads\\\/2021\\\/08\\\/c48594cc-c5a0-486a-85e1-5c7275dd0be5.jpg&quot;,&quot;pid&quot;:99196,&quot;galleryid&quot;:1,&quot;description&quot;:&quot;&quot;,&quot;alttext&quot;:&quot;Queimada na regi\\u00e3o da Fazenda Velha em Valen\\u00e7a \\u00e9 uma das maiores do estado&quot;,&quot;thumbnailURL&quot;:&quot;https:\\\/\\\/portalv1.com.br\\\/app\\\/wp-content\\\/uploads\\\/2021\\\/08\\\/c48594cc-c5a0-486a-85e1-5c7275dd0be5-400x250.jpg&quot;,&quot;style&quot;:&quot;&quot;},{&quot;thumbcode&quot;:&quot;https:\\\/\\\/portalv1.com.br\\\/app\\\/wp-content\\\/uploads\\\/2021\\\/08\\\/e53a4fb6-e4be-4a1f-a1fc-aaab01242d69-400x250.jpg&quot;,&quot;imageURL&quot;:&quot;https:\\\/\\\/portalv1.com.br\\\/app\\\/wp-content\\\/uploads\\\/2021\\\/08\\\/e53a4fb6-e4be-4a1f-a1fc-aaab01242d69.jpg&quot;,&quot;pid&quot;:99197,&quot;galleryid&quot;:1,&quot;description&quot;:&quot;&quot;,&quot;alttext&quot;:&quot;Queimada na regi\\u00e3o da Fazenda Velha em Valen\\u00e7a \\u00e9 uma das maiores do estado&quot;,&quot;thumbnailURL&quot;:&quot;https:\\\/\\\/portalv1.com.br\\\/app\\\/wp-content\\\/uploads\\\/2021\\\/08\\\/e53a4fb6-e4be-4a1f-a1fc-aaab01242d69-400x250.jpg&quot;,&quot;style&quot;:&quot;&quot;},{&quot;thumbcode&quot;:&quot;https:\\\/\\\/portalv1.com.br\\\/app\\\/wp-content\\\/uploads\\\/2021\\\/08\\\/e80db6dc-7b51-4ada-8e15-464a0ec5e48f-400x250.jpg&quot;,&quot;imageURL&quot;:&quot;https:\\\/\\\/portalv1.com.br\\\/app\\\/wp-content\\\/uploads\\\/2021\\\/08\\\/e80db6dc-7b51-4ada-8e15-464a0ec5e48f.jpg&quot;,&quot;pid&quot;:99198,&quot;galleryid&quot;:1,&quot;description&quot;:&quot;&quot;,&quot;alttext&quot;:&quot;Queimada na regi\\u00e3o da Fazenda Velha em Valen\\u00e7a \\u00e9 uma das maiores do estado&quot;,&quot;thumbnailURL&quot;:&quot;https:\\\/\\\/portalv1.com.br\\\/app\\\/wp-content\\\/uploads\\\/2021\\\/08\\\/e80db6dc-7b51-4ada-8e15-464a0ec5e48f-400x250.jpg&quot;,&quot;style&quot;:&quot;&quot;},{&quot;thumbcode&quot;:&quot;https:\\\/\\\/portalv1.com.br\\\/app\\\/wp-content\\\/uploads\\\/2021\\\/08\\\/e309fa96-94f2-46da-8e3b-9a59d548a29a-400x250.jpg&quot;,&quot;imageURL&quot;:&quot;https:\\\/\\\/portalv1.com.br\\\/app\\\/wp-content\\\/uploads\\\/2021\\\/08\\\/e309fa96-94f2-46da-8e3b-9a59d548a29a.jpg&quot;,&quot;pid&quot;:99199,&quot;galleryid&quot;:1,&quot;description&quot;:&quot;&quot;,&quot;alttext&quot;:&quot;Queimada na regi\\u00e3o da Fazenda Velha em Valen\\u00e7a \\u00e9 uma das maiores do estado&quot;,&quot;thumbnailURL&quot;:&quot;https:\\\/\\\/portalv1.com.br\\\/app\\\/wp-content\\\/uploads\\\/2021\\\/08\\\/e309fa96-94f2-46da-8e3b-9a59d548a29a-400x250.jpg&quot;,&quot;style&quot;:&quot;&quot;},{&quot;thumbcode&quot;:&quot;https:\\\/\\\/portalv1.com.br\\\/app\\\/wp-content\\\/uploads\\\/2021\\\/08\\\/ebeafa89-64b7-4f8f-81d8-9ace4f55209c-400x250.jpg&quot;,&quot;imageURL&quot;:&quot;https:\\\/\\\/portalv1.com.br\\\/app\\\/wp-content\\\/uploads\\\/2021\\\/08\\\/ebeafa89-64b7-4f8f-81d8-9ace4f55209c.jpg&quot;,&quot;pid&quot;:99200,&quot;galleryid&quot;:1,&quot;description&quot;:&quot;&quot;,&quot;alttext&quot;:&quot;Queimada na regi\\u00e3o da Fazenda Velha em Valen\\u00e7a \\u00e9 uma das maiores do estado&quot;,&quot;thumbnailURL&quot;:&quot;https:\\\/\\\/portalv1.com.br\\\/app\\\/wp-content\\\/uploads\\\/2021\\\/08\\\/ebeafa89-64b7-4f8f-81d8-9ace4f55209c-400x250.jpg&quot;,&quot;style&quot;:&quot;&quot;},{&quot;thumbcode&quot;:&quot;https:\\\/\\\/portalv1.com.br\\\/app\\\/wp-content\\\/uploads\\\/2021\\\/08\\\/f4e42be7-18c9-4c8b-81dd-4a8e6f06dd50-400x250.jpg&quot;,&quot;imageURL&quot;:&quot;https:\\\/\\\/portalv1.com.br\\\/app\\\/wp-content\\\/uploads\\\/2021\\\/08\\\/f4e42be7-18c9-4c8b-81dd-4a8e6f06dd50.jpg&quot;,&quot;pid&quot;:99201,&quot;galleryid&quot;:1,&quot;description&quot;:&quot;&quot;,&quot;alttext&quot;:&quot;Queimada na regi\\u00e3o da Fazenda Velha em Valen\\u00e7a \\u00e9 uma das maiores do estado&quot;,&quot;thumbnailURL&quot;:&quot;https:\\\/\\\/portalv1.com.br\\\/app\\\/wp-content\\\/uploads\\\/2021\\\/08\\\/f4e42be7-18c9-4c8b-81dd-4a8e6f06dd50-400x250.jpg&quot;,&quot;style&quot;:&quot;&quot;},{&quot;thumbcode&quot;:&quot;https:\\\/\\\/portalv1.com.br\\\/app\\\/wp-content\\\/uploads\\\/2021\\\/08\\\/f12578dd-9115-4abf-b706-c53f07b4d7a9-400x250.jpg&quot;,&quot;imageURL&quot;:&quot;https:\\\/\\\/portalv1.com.br\\\/app\\\/wp-content\\\/uploads\\\/2021\\\/08\\\/f12578dd-9115-4abf-b706-c53f07b4d7a9.jpg&quot;,&quot;pid&quot;:99202,&quot;galleryid&quot;:1,&quot;description&quot;:&quot;&quot;,&quot;alttext&quot;:&quot;Queimada na regi\\u00e3o da Fazenda Velha em Valen\\u00e7a \\u00e9 uma das maiores do estado&quot;,&quot;thumbnailURL&quot;:&quot;https:\\\/\\\/portalv1.com.br\\\/app\\\/wp-content\\\/uploads\\\/2021\\\/08\\\/f12578dd-9115-4abf-b706-c53f07b4d7a9-400x250.jpg&quot;,&quot;style&quot;:&quot;&quot;},{&quot;thumbcode&quot;:&quot;https:\\\/\\\/portalv1.com.br\\\/app\\\/wp-content\\\/uploads\\\/2021\\\/08\\\/IMG_0852-400x250.jpg&quot;,&quot;imageURL&quot;:&quot;https:\\\/\\\/portalv1.com.br\\\/app\\\/wp-content\\\/uploads\\\/2021\\\/08\\\/IMG_0852.jpg&quot;,&quot;pid&quot;:99203,&quot;galleryid&quot;:1,&quot;description&quot;:&quot;&quot;,&quot;alttext&quot;:&quot;Queimada na regi\\u00e3o da Fazenda Velha em Valen\\u00e7a \\u00e9 uma das maiores do estado&quot;,&quot;thumbnailURL&quot;:&quot;https:\\\/\\\/portalv1.com.br\\\/app\\\/wp-content\\\/uploads\\\/2021\\\/08\\\/IMG_0852-400x250.jpg&quot;,&quot;style&quot;:&quot;&quot;},{&quot;thumbcode&quot;:&quot;https:\\\/\\\/portalv1.com.br\\\/app\\\/wp-content\\\/uploads\\\/2021\\\/08\\\/IMG_0861-400x250.jpg&quot;,&quot;imageURL&quot;:&quot;https:\\\/\\\/portalv1.com.br\\\/app\\\/wp-content\\\/uploads\\\/2021\\\/08\\\/IMG_0861.jpg&quot;,&quot;pid&quot;:99204,&quot;galleryid&quot;:1,&quot;description&quot;:&quot;&quot;,&quot;alttext&quot;:&quot;Queimada na regi\\u00e3o da Fazenda Velha em Valen\\u00e7a \\u00e9 uma das maiores do estado&quot;,&quot;thumbnailURL&quot;:&quot;https:\\\/\\\/portalv1.com.br\\\/app\\\/wp-content\\\/uploads\\\/2021\\\/08\\\/IMG_0861-400x250.jpg&quot;,&quot;style&quot;:&quot;&quot;},{&quot;thumbcode&quot;:&quot;https:\\\/\\\/portalv1.com.br\\\/app\\\/wp-content\\\/uploads\\\/2021\\\/08\\\/IMG_0865-400x250.jpg&quot;,&quot;imageURL&quot;:&quot;https:\\\/\\\/portalv1.com.br\\\/app\\\/wp-content\\\/uploads\\\/2021\\\/08\\\/IMG_0865.jpg&quot;,&quot;pid&quot;:99205,&quot;galleryid&quot;:1,&quot;description&quot;:&quot;&quot;,&quot;alttext&quot;:&quot;Queimada na regi\\u00e3o da Fazenda Velha em Valen\\u00e7a \\u00e9 uma das maiores do estado&quot;,&quot;thumbnailURL&quot;:&quot;https:\\\/\\\/portalv1.com.br\\\/app\\\/wp-content\\\/uploads\\\/2021\\\/08\\\/IMG_0865-400x250.jpg&quot;,&quot;style&quot;:&quot;&quot;}]}}\"><\/div>\n                  <\/div>\n","protected":false},"excerpt":{"rendered":"<p>Foi realizada na manh\u00e3 deste s\u00e1bado (28), pela Secretaria Municipal de Meio Ambiente de Valen\u00e7a e pela Brigada Municipal uma panfletagem no Mercado Xer\u00e9m para chamar aten\u00e7\u00e3o da popula\u00e7\u00e3o para&#8230;<\/p>\n","protected":false},"author":1,"featured_media":99189,"comment_status":"open","ping_status":"open","sticky":false,"template":"","format":"standard","meta":{"ngg_post_thumbnail":0,"footnotes":""},"categories":[243],"tags":[],"class_list":["post-99185","post","type-post","status-publish","format-standard","has-post-thumbnail","hentry","category-geral"],"views":1379,"meta_data":{"thumb":"https:\/\/portalv1.com.br\/app\/wp-content\/uploads\/2021\/08\/16b4ab08-09e9-4d88-a27b-5267c01640ec.jpg","imagem":{"fullsize":{"url":"https:\/\/portalv1.com.br\/app\/wp-content\/uploads\/2021\/08\/16b4ab08-09e9-4d88-a27b-5267c01640ec.jpg","width":1024,"height":512},"medium":{"url":"https:\/\/portalv1.com.br\/app\/wp-content\/uploads\/2021\/08\/16b4ab08-09e9-4d88-a27b-5267c01640ec-300x150.jpg","width":300,"height":150},"large":{"url":"https:\/\/portalv1.com.br\/app\/wp-content\/uploads\/2021\/08\/16b4ab08-09e9-4d88-a27b-5267c01640ec-640x320.jpg","width":640,"height":320},"thumbnail":{"url":"https:\/\/portalv1.com.br\/app\/wp-content\/uploads\/2021\/08\/16b4ab08-09e9-4d88-a27b-5267c01640ec-100x100.jpg","width":100,"height":100},"medium_large":{"url":"https:\/\/portalv1.com.br\/app\/wp-content\/uploads\/2021\/08\/16b4ab08-09e9-4d88-a27b-5267c01640ec-768x384.jpg","width":768,"height":384}},"data":{"simple":"28\/08\/2021","date_time":"28\/08\/2021 15:38:20","date":"h\u00e1 5 anos"},"chapeu":"FOTOS E VIDEO","source":"slide"},"_links":{"self":[{"href":"https:\/\/portalv1.com.br\/api\/wp\/v2\/posts\/99185","targetHints":{"allow":["GET"]}}],"collection":[{"href":"https:\/\/portalv1.com.br\/api\/wp\/v2\/posts"}],"about":[{"href":"https:\/\/portalv1.com.br\/api\/wp\/v2\/types\/post"}],"author":[{"embeddable":true,"href":"https:\/\/portalv1.com.br\/api\/wp\/v2\/users\/1"}],"replies":[{"embeddable":true,"href":"https:\/\/portalv1.com.br\/api\/wp\/v2\/comments?post=99185"}],"version-history":[{"count":0,"href":"https:\/\/portalv1.com.br\/api\/wp\/v2\/posts\/99185\/revisions"}],"wp:featuredmedia":[{"embeddable":true,"href":"https:\/\/portalv1.com.br\/api\/wp\/v2\/media\/99189"}],"wp:attachment":[{"href":"https:\/\/portalv1.com.br\/api\/wp\/v2\/media?parent=99185"}],"wp:term":[{"taxonomy":"category","embeddable":true,"href":"https:\/\/portalv1.com.br\/api\/wp\/v2\/categories?post=99185"},{"taxonomy":"post_tag","embeddable":true,"href":"https:\/\/portalv1.com.br\/api\/wp\/v2\/tags?post=99185"}],"curies":[{"name":"wp","href":"https:\/\/api.w.org\/{rel}","templated":true}]}}