{"id":99340,"date":"2021-08-31T23:04:59","date_gmt":"2021-09-01T02:04:59","guid":{"rendered":"https:\/\/portalv1.com.br\/?p=99340"},"modified":"2021-08-31T23:04:59","modified_gmt":"2021-09-01T02:04:59","slug":"cidades-na-regiao-valenciana-tiveram-reducao-de-populacao-em-2021-veja-lista","status":"publish","type":"post","link":"https:\/\/portalv1.com.br\/cidades-na-regiao-valenciana-tiveram-reducao-de-populacao-em-2021-veja-lista\/","title":{"rendered":"Cidades na regi\u00e3o valenciana tiveram redu\u00e7\u00e3o de popula\u00e7\u00e3o em 2021; veja lista"},"content":{"rendered":"<p>No estado, 43 cidades piauienses tiveram queda no n\u00famero de habitantes entre 2020 e 2021. \u00c9 o que releva a&nbsp;nova estimativa populacional divulgada pelo Instituto Brasileiro de Geografia e Estat\u00edstica (IBGE).&nbsp;<\/p>\n<p>As cidades que mais apresentaram redu\u00e7\u00e3o de moradores foram Elesb\u00e3o Veloso, Brejo do Piau\u00ed e Franscisco Ayres. Outras cidades da regi\u00e3o valenciana que tiveram redu\u00e7\u00e3o foram: Prata do Piaui, Francin\u00f3polis, V\u00e1rzea Grande, Aroazes, Novo Oriente e S\u00e3o Felix.<\/p>\n<p><a href=\"https:\/\/portalv1.com.br\/app\/wp-content\/uploads\/2021\/08\/01-6.jpg\"><img loading=\"lazy\" decoding=\"async\" class=\"aligncenter size-full wp-image-99341\" src=\"https:\/\/portalv1.com.br\/app\/wp-content\/uploads\/2021\/08\/01-6.jpg\" alt=\"\" width=\"532\" height=\"389\" srcset=\"https:\/\/portalv1.com.br\/app\/wp-content\/uploads\/2021\/08\/01-6.jpg 532w, https:\/\/portalv1.com.br\/app\/wp-content\/uploads\/2021\/08\/01-6-300x219.jpg 300w\" sizes=\"auto, (max-width: 532px) 100vw, 532px\" \/><\/a> <a href=\"https:\/\/portalv1.com.br\/app\/wp-content\/uploads\/2021\/08\/02-3.jpg\"><img loading=\"lazy\" decoding=\"async\" class=\"aligncenter size-large wp-image-99342\" src=\"https:\/\/portalv1.com.br\/app\/wp-content\/uploads\/2021\/08\/02-3.jpg\" alt=\"\" width=\"534\" height=\"486\" srcset=\"https:\/\/portalv1.com.br\/app\/wp-content\/uploads\/2021\/08\/02-3.jpg 534w, https:\/\/portalv1.com.br\/app\/wp-content\/uploads\/2021\/08\/02-3-300x273.jpg 300w\" sizes=\"auto, (max-width: 534px) 100vw, 534px\" \/><\/a><\/p>\n<p>Segundo o supervisor de dissemina\u00e7\u00e3o de informa\u00e7\u00f5es do IBGE no Piau\u00ed, Eyder Mendes, a queda no n\u00famero de moradores se deve h\u00e1 v\u00e1rios fatores entre eles, a migra\u00e7\u00e3o, a redu\u00e7\u00e3o da taxa de fecundidade e o aumento, mesmo que pequeno, no \u00edndice de mortalidade.<\/p>\n<p>\u201cUm dos fatores preponderantes \u00e9 a migra\u00e7\u00e3o principalmente para as cidades como Teresina, Picos, Floriano e para fora do estado\u201d, disse Eyder Mendes.&nbsp;<\/p>\n<p>De acordo com o IBGE, o Piau\u00ed perde cerca de 13 mil pessoas por ano que saem de sua cidade para outros estados.&nbsp;<\/p>\n<p>Hoje a popula\u00e7\u00e3o no Piau\u00ed, segundo estimativas do IBGE, \u00e9 de&nbsp; 3.289.290 habitantes.<\/p>\n<p>Segundo Eyder Mendes, a queda populacional n\u00e3o impactar no Fundo de Participa\u00e7\u00e3o do Munic\u00edpio. \u201cExiste uma lei aprovada h\u00e1 dois anos que n\u00e3o considera a redu\u00e7\u00e3o populacional para efeito de FPM\u201d, disse.&nbsp;<\/p>\n<p>O IBGE esclareceu que a estimativa populacional n\u00e3o levou em conta os impactos na pandemia. Somente o censo de 2022 \u00e9 que ter\u00e1 uma previs\u00e3o com a covid-19.&nbsp;<\/p>\n<p><strong>Proje\u00e7\u00e3o 2032<\/strong><\/p>\n<p>Estimativa do instituto prev\u00ea que em 2032, o Piau\u00ed ser\u00e1 o primeiro estado a cair a popula\u00e7\u00e3o no Pa\u00eds.<\/p>\n<p>Fonte: cidade verde<\/p>\n","protected":false},"excerpt":{"rendered":"<p>No estado, 43 cidades piauienses tiveram queda no n\u00famero de habitantes entre 2020 e 2021. \u00c9 o que releva a&nbsp;nova estimativa populacional divulgada pelo Instituto Brasileiro de Geografia e Estat\u00edstica&#8230;<\/p>\n","protected":false},"author":1,"featured_media":99343,"comment_status":"open","ping_status":"open","sticky":false,"template":"","format":"standard","meta":{"ngg_post_thumbnail":0,"footnotes":""},"categories":[243],"tags":[],"class_list":["post-99340","post","type-post","status-publish","format-standard","has-post-thumbnail","hentry","category-geral"],"views":438,"meta_data":{"thumb":"https:\/\/portalv1.com.br\/app\/wp-content\/uploads\/2021\/08\/francinopolis-2.jpg","imagem":{"fullsize":{"url":"https:\/\/portalv1.com.br\/app\/wp-content\/uploads\/2021\/08\/francinopolis-2.jpg","width":1024,"height":576},"medium":{"url":"https:\/\/portalv1.com.br\/app\/wp-content\/uploads\/2021\/08\/francinopolis-2-300x169.jpg","width":300,"height":169},"large":{"url":"https:\/\/portalv1.com.br\/app\/wp-content\/uploads\/2021\/08\/francinopolis-2-640x360.jpg","width":640,"height":360},"thumbnail":{"url":"https:\/\/portalv1.com.br\/app\/wp-content\/uploads\/2021\/08\/francinopolis-2-100x100.jpg","width":100,"height":100},"medium_large":{"url":"https:\/\/portalv1.com.br\/app\/wp-content\/uploads\/2021\/08\/francinopolis-2-768x432.jpg","width":768,"height":432}},"data":{"simple":"31\/08\/2021","date_time":"31\/08\/2021 20:04:59","date":"h\u00e1 5 anos"},"chapeu":"Saiba Detalhes ","source":"slide"},"_links":{"self":[{"href":"https:\/\/portalv1.com.br\/api\/wp\/v2\/posts\/99340","targetHints":{"allow":["GET"]}}],"collection":[{"href":"https:\/\/portalv1.com.br\/api\/wp\/v2\/posts"}],"about":[{"href":"https:\/\/portalv1.com.br\/api\/wp\/v2\/types\/post"}],"author":[{"embeddable":true,"href":"https:\/\/portalv1.com.br\/api\/wp\/v2\/users\/1"}],"replies":[{"embeddable":true,"href":"https:\/\/portalv1.com.br\/api\/wp\/v2\/comments?post=99340"}],"version-history":[{"count":0,"href":"https:\/\/portalv1.com.br\/api\/wp\/v2\/posts\/99340\/revisions"}],"wp:featuredmedia":[{"embeddable":true,"href":"https:\/\/portalv1.com.br\/api\/wp\/v2\/media\/99343"}],"wp:attachment":[{"href":"https:\/\/portalv1.com.br\/api\/wp\/v2\/media?parent=99340"}],"wp:term":[{"taxonomy":"category","embeddable":true,"href":"https:\/\/portalv1.com.br\/api\/wp\/v2\/categories?post=99340"},{"taxonomy":"post_tag","embeddable":true,"href":"https:\/\/portalv1.com.br\/api\/wp\/v2\/tags?post=99340"}],"curies":[{"name":"wp","href":"https:\/\/api.w.org\/{rel}","templated":true}]}}