{"id":99415,"date":"2021-09-01T13:18:26","date_gmt":"2021-09-01T16:18:26","guid":{"rendered":"https:\/\/portalv1.com.br\/?p=99415"},"modified":"2021-09-01T13:18:26","modified_gmt":"2021-09-01T16:18:26","slug":"caoma-mppi-lancam-campanha-de-prevencao-e-combate-a-queimadas-e-incendios-florestais","status":"publish","type":"post","link":"https:\/\/portalv1.com.br\/caoma-mppi-lancam-campanha-de-prevencao-e-combate-a-queimadas-e-incendios-florestais\/","title":{"rendered":"CAOMA\/MPPI lan\u00e7am campanha de preven\u00e7\u00e3o e combate \u00e0 queimadas e inc\u00eandios florestais"},"content":{"rendered":"<p><a href=\"https:\/\/portalv1.com.br\/app\/wp-content\/uploads\/2021\/09\/10.jpeg\"><img loading=\"lazy\" decoding=\"async\" class=\"aligncenter size-large wp-image-99416\" src=\"https:\/\/portalv1.com.br\/app\/wp-content\/uploads\/2021\/09\/10-640x358.jpeg\" alt=\"\" width=\"600\" height=\"336\" srcset=\"https:\/\/portalv1.com.br\/app\/wp-content\/uploads\/2021\/09\/10-640x358.jpeg 640w, https:\/\/portalv1.com.br\/app\/wp-content\/uploads\/2021\/09\/10-300x168.jpeg 300w, https:\/\/portalv1.com.br\/app\/wp-content\/uploads\/2021\/09\/10.jpeg 768w\" sizes=\"auto, (max-width: 600px) 100vw, 600px\" \/><\/a>Nesta quarta-feira, 1\u00ba de setembro, inicia o per\u00edodo conhecido como B-R-O \u2013 BRO, \u00e9poca do ano em que no Piau\u00ed, e outros estados no Nordeste, s\u00e3o registradas temperaturas que passam facilmente dos 30\u00ba, com sensa\u00e7\u00f5es t\u00e9rmicas bem maiores; cen\u00e1rio que propicia, tamb\u00e9m, uma maior ocorr\u00eancia de queimadas e inc\u00eandios florestais. Para enfrentar esses problemas, o Minist\u00e9rio P\u00fablico do Piau\u00ed disponibilizou hoje aos promotores de Justi\u00e7a materiais para auxiliar os integrantes da institui\u00e7\u00e3o frente a essas quest\u00f5es.<\/p>\n<p>O material foi elaborado pelo Centro de Apoio Operacional de Defesa do Meio Ambiente (CAOMA), coordenado pela promotora de Justi\u00e7a \u00c1urea Madruga, em parceria com a Coordenadoria de Comunica\u00e7\u00e3o Social do Minist\u00e9rio P\u00fablico.&nbsp;<a href=\"https:\/\/www.mppi.mp.br\/internet\/linha-verde\/\">Fa\u00e7a sua den\u00fancia clicando aqui<\/a><\/p>\n<p><a href=\"https:\/\/portalv1.com.br\/app\/wp-content\/uploads\/2021\/09\/11.jpg\"><img loading=\"lazy\" decoding=\"async\" class=\"aligncenter size-full wp-image-99417\" src=\"https:\/\/portalv1.com.br\/app\/wp-content\/uploads\/2021\/09\/11.jpg\" alt=\"\" width=\"550\" height=\"778\" srcset=\"https:\/\/portalv1.com.br\/app\/wp-content\/uploads\/2021\/09\/11.jpg 550w, https:\/\/portalv1.com.br\/app\/wp-content\/uploads\/2021\/09\/11-300x424.jpg 300w\" sizes=\"auto, (max-width: 550px) 100vw, 550px\" \/><\/a><\/p>\n<p>O material \u00e9 composto por:<\/p>\n<p><strong>Manual de Atua\u00e7\u00e3o Ministerial \u2013 Queimadas e Inc\u00eandios Florestais (segunda edi\u00e7\u00e3o), em formato digital (PDF)<\/strong>: um guia pr\u00e1tico e de f\u00e1cil consulta, que se apresenta dividido em cap\u00edtulos, com aspectos te\u00f3ricos, e anexos, que contemplam modelos de pe\u00e7as, legisla\u00e7\u00e3o e jurisprud\u00eancia. A parte central dessa publica\u00e7\u00e3o consiste em oferecer aos Membros do Minist\u00e9rio P\u00fablico um modelo de plano de atua\u00e7\u00e3o ministerial que prev\u00ea a promo\u00e7\u00e3o de atividades educativas, atua\u00e7\u00e3o integrada entre Estado e Munic\u00edpio com a cria\u00e7\u00e3o e aparelhamento de brigadas municipais de combate a inc\u00eandios, e a responsabiliza\u00e7\u00e3o administrativa, c\u00edvel e criminal dos respons\u00e1veis pelos inc\u00eandios.<\/p>\n<p><strong>Cartilha Educativa sobre Queimadas e Inc\u00eandios Florestais em formato digital (PDF):<\/strong>&nbsp;direcionada aos estudantes do Ensino Fundamental de 12 a 14 anos, a qual futuramente ser\u00e1 encaminhada aos Munic\u00edpios em exemplares f\u00edsicos para ampla divulga\u00e7\u00e3o nas Secretarias e escolas p\u00fablicas, de modo a fomentar a educa\u00e7\u00e3o ambiental sobre a preven\u00e7\u00e3o e combate a queimadas e inc\u00eandios florestais.<\/p>\n<p><strong>Spot (\u00e1udio) e v\u00eddeo educativos<\/strong>&nbsp;sobre o uso do fogo, a serem divulgados na imprensa local, por meio da r\u00e1dio comunit\u00e1ria e programas de televis\u00e3o.<\/p>\n<p><strong>Cartaz (banner)<\/strong>&nbsp;acerca dos benef\u00edcios de um Meio Ambiente protegido, em formato digital (PDF), em primeiro momento, mas que ser\u00e1 encaminhado para as Promotorias de Justi\u00e7a em exemplares f\u00edsicos, para que seja realizada a distribui\u00e7\u00e3o em Delegacias, F\u00f3runs Municipais, Conselhos Tutelares e demais reparti\u00e7\u00f5es p\u00fablicas; salientamos que este cartaz conta, ainda, com um campo tracejado na parte inferior, referente aos contatos, para preenchimento com o n\u00famero telef\u00f4nico da respectiva Promotoria de Justi\u00e7a.<\/p>\n<p><div class=\"content-iframe\" data-content-width=\"600\"><iframe loading=\"lazy\" style=\"border: none; overflow: hidden;\" src=\"https:\/\/www.facebook.com\/plugins\/video.php?height=306&amp;href=https%3A%2F%2Fwww.facebook.com%2FSergioAlvesValenca%2Fvideos%2F250183146961197%2F&amp;show_text=false&amp;width=560&amp;t=0\" width=\"560\" height=\"306\" frameborder=\"0\" scrolling=\"no\" allowfullscreen=\"allowfullscreen\"><\/iframe><\/div>&nbsp;<\/p>\n","protected":false},"excerpt":{"rendered":"<p>Nesta quarta-feira, 1\u00ba de setembro, inicia o per\u00edodo conhecido como B-R-O \u2013 BRO, \u00e9poca do ano em que no Piau\u00ed, e outros estados no Nordeste, s\u00e3o registradas temperaturas que passam&#8230;<\/p>\n","protected":false},"author":1,"featured_media":99416,"comment_status":"open","ping_status":"open","sticky":false,"template":"","format":"standard","meta":{"ngg_post_thumbnail":0,"footnotes":""},"categories":[243],"tags":[],"class_list":["post-99415","post","type-post","status-publish","format-standard","has-post-thumbnail","hentry","category-geral"],"views":114,"meta_data":{"thumb":"https:\/\/portalv1.com.br\/app\/wp-content\/uploads\/2021\/09\/10.jpeg","imagem":{"fullsize":{"url":"https:\/\/portalv1.com.br\/app\/wp-content\/uploads\/2021\/09\/10.jpeg","width":768,"height":430},"medium":{"url":"https:\/\/portalv1.com.br\/app\/wp-content\/uploads\/2021\/09\/10-300x168.jpeg","width":300,"height":168},"large":{"url":"https:\/\/portalv1.com.br\/app\/wp-content\/uploads\/2021\/09\/10-640x358.jpeg","width":640,"height":358},"thumbnail":{"url":"https:\/\/portalv1.com.br\/app\/wp-content\/uploads\/2021\/09\/10-100x100.jpeg","width":100,"height":100}},"data":{"simple":"01\/09\/2021","date_time":"01\/09\/2021 10:18:26","date":"h\u00e1 5 anos"},"chapeu":"Minist\u00e9rio P\u00fablico do Piau\u00ed","source":"slide"},"_links":{"self":[{"href":"https:\/\/portalv1.com.br\/api\/wp\/v2\/posts\/99415","targetHints":{"allow":["GET"]}}],"collection":[{"href":"https:\/\/portalv1.com.br\/api\/wp\/v2\/posts"}],"about":[{"href":"https:\/\/portalv1.com.br\/api\/wp\/v2\/types\/post"}],"author":[{"embeddable":true,"href":"https:\/\/portalv1.com.br\/api\/wp\/v2\/users\/1"}],"replies":[{"embeddable":true,"href":"https:\/\/portalv1.com.br\/api\/wp\/v2\/comments?post=99415"}],"version-history":[{"count":0,"href":"https:\/\/portalv1.com.br\/api\/wp\/v2\/posts\/99415\/revisions"}],"wp:featuredmedia":[{"embeddable":true,"href":"https:\/\/portalv1.com.br\/api\/wp\/v2\/media\/99416"}],"wp:attachment":[{"href":"https:\/\/portalv1.com.br\/api\/wp\/v2\/media?parent=99415"}],"wp:term":[{"taxonomy":"category","embeddable":true,"href":"https:\/\/portalv1.com.br\/api\/wp\/v2\/categories?post=99415"},{"taxonomy":"post_tag","embeddable":true,"href":"https:\/\/portalv1.com.br\/api\/wp\/v2\/tags?post=99415"}],"curies":[{"name":"wp","href":"https:\/\/api.w.org\/{rel}","templated":true}]}}