{"id":99428,"date":"2021-09-01T14:45:19","date_gmt":"2021-09-01T17:45:19","guid":{"rendered":"https:\/\/portalv1.com.br\/?p=99428"},"modified":"2021-09-01T14:49:41","modified_gmt":"2021-09-01T17:49:41","slug":"presidente-da-appm-se-reune-com-tecnicos-do-ibge-veja-pronunciamento","status":"publish","type":"post","link":"https:\/\/portalv1.com.br\/presidente-da-appm-se-reune-com-tecnicos-do-ibge-veja-pronunciamento\/","title":{"rendered":"Presidente da APPM se re\u00fane com t\u00e9cnicos do IBGE. Veja pronunciamento"},"content":{"rendered":"<p><a href=\"https:\/\/portalv1.com.br\/app\/wp-content\/uploads\/2021\/09\/paulo-cesar.jpg\"><img loading=\"lazy\" decoding=\"async\" class=\"aligncenter size-large wp-image-99427\" src=\"https:\/\/portalv1.com.br\/app\/wp-content\/uploads\/2021\/09\/paulo-cesar-640x360.jpg\" alt=\"\" width=\"600\" height=\"338\" srcset=\"https:\/\/portalv1.com.br\/app\/wp-content\/uploads\/2021\/09\/paulo-cesar-640x360.jpg 640w, https:\/\/portalv1.com.br\/app\/wp-content\/uploads\/2021\/09\/paulo-cesar-300x169.jpg 300w, https:\/\/portalv1.com.br\/app\/wp-content\/uploads\/2021\/09\/paulo-cesar-768x432.jpg 768w, https:\/\/portalv1.com.br\/app\/wp-content\/uploads\/2021\/09\/paulo-cesar.jpg 1280w\" sizes=\"auto, (max-width: 600px) 100vw, 600px\" \/><\/a>O presidente da APPM, Paulo C\u00e9sar Morais, esteve reunido, na manh\u00e3 desta quarta-feira (01) com a equipe t\u00e9cnica do IBGE no Piau\u00ed, oportunidade que o \u00f3rg\u00e3o solicitou apoio na divulga\u00e7\u00e3o da Pesquisa de Informa\u00e7\u00f5es B\u00e1sicas Municipais (MUNIC), que deve ser respondida por todas as prefeituras do pa\u00eds, e ainda suporte para a realiza\u00e7\u00e3o do Censo 2022.<\/p>\n<p>Os especialistas do IBGE j\u00e1 come\u00e7aram a entrar em contato com os t\u00e9cnicos indicados pelas gest\u00f5es municipais, desde o dia 20\/08, para explicar sobre a pesquisa e como respond\u00ea-la. Um question\u00e1rio ser\u00e1 enviado em arquivo PDF edit\u00e1vel para as prefeituras, e deve ser preenchido e reenviado ao Instituto Brasileiro de Geografia e Estat\u00edstica (IBGE) at\u00e9 o dia 11 de outubro.<\/p>\n<p>Participaram das tratativas o prefeito de Marcol\u00e2ndia, dr. Corinto Matos; a procuradora da APPM, Uiana Coimbra; o chefe da Unidade Estadual do IBGE no Piau\u00ed, Leonardo Passos; o supervisor de Pesquisas Sociais, Pablo Ara\u00fajo; o coordenador Operacional do Censo Demogr\u00e1fico, Ranieri Leite; o supervisor de Dissemina\u00e7\u00e3o de Informa\u00e7\u00f5es, Eyder Mendes; e a analista Censit\u00e1ria de Jornalismo, Camila de Oliveira.<\/p>\n<p>Sobre a reuni\u00e3o, veja a fala do presidente Paulo C\u00e9sar e do chefe da Unidade Estadual do IBGE no Piau\u00ed, Leonardo Passos.<\/p>\n<p><div class=\"content-iframe\" data-content-width=\"600\"><iframe loading=\"lazy\" style=\"border: none; overflow: hidden;\" src=\"https:\/\/www.facebook.com\/plugins\/video.php?height=317&amp;href=https%3A%2F%2Fwww.facebook.com%2Fappmoficial%2Fvideos%2F539458120714159%2F&amp;show_text=false&amp;width=560&amp;t=0\" width=\"560\" height=\"317\" frameborder=\"0\" scrolling=\"no\" allowfullscreen=\"allowfullscreen\"><\/iframe><\/div>&nbsp;<\/p>\n<p>Fonte: ascom<\/p>\n","protected":false},"excerpt":{"rendered":"<p>O presidente da APPM, Paulo C\u00e9sar Morais, esteve reunido, na manh\u00e3 desta quarta-feira (01) com a equipe t\u00e9cnica do IBGE no Piau\u00ed, oportunidade que o \u00f3rg\u00e3o solicitou apoio na divulga\u00e7\u00e3o&#8230;<\/p>\n","protected":false},"author":1,"featured_media":99427,"comment_status":"open","ping_status":"open","sticky":false,"template":"","format":"standard","meta":{"ngg_post_thumbnail":0,"footnotes":""},"categories":[243],"tags":[],"class_list":["post-99428","post","type-post","status-publish","format-standard","has-post-thumbnail","hentry","category-geral"],"views":175,"meta_data":{"thumb":"https:\/\/portalv1.com.br\/app\/wp-content\/uploads\/2021\/09\/paulo-cesar.jpg","imagem":{"fullsize":{"url":"https:\/\/portalv1.com.br\/app\/wp-content\/uploads\/2021\/09\/paulo-cesar.jpg","width":1280,"height":720},"medium":{"url":"https:\/\/portalv1.com.br\/app\/wp-content\/uploads\/2021\/09\/paulo-cesar-300x169.jpg","width":300,"height":169},"large":{"url":"https:\/\/portalv1.com.br\/app\/wp-content\/uploads\/2021\/09\/paulo-cesar-640x360.jpg","width":640,"height":360},"thumbnail":{"url":"https:\/\/portalv1.com.br\/app\/wp-content\/uploads\/2021\/09\/paulo-cesar-100x100.jpg","width":100,"height":100},"medium_large":{"url":"https:\/\/portalv1.com.br\/app\/wp-content\/uploads\/2021\/09\/paulo-cesar-768x432.jpg","width":768,"height":432}},"data":{"simple":"01\/09\/2021","date_time":"01\/09\/2021 11:45:19","date":"h\u00e1 5 anos"},"chapeu":"Pesquisa de Informa\u00e7\u00f5es B\u00e1sicas Municipais","source":"slide"},"_links":{"self":[{"href":"https:\/\/portalv1.com.br\/api\/wp\/v2\/posts\/99428","targetHints":{"allow":["GET"]}}],"collection":[{"href":"https:\/\/portalv1.com.br\/api\/wp\/v2\/posts"}],"about":[{"href":"https:\/\/portalv1.com.br\/api\/wp\/v2\/types\/post"}],"author":[{"embeddable":true,"href":"https:\/\/portalv1.com.br\/api\/wp\/v2\/users\/1"}],"replies":[{"embeddable":true,"href":"https:\/\/portalv1.com.br\/api\/wp\/v2\/comments?post=99428"}],"version-history":[{"count":0,"href":"https:\/\/portalv1.com.br\/api\/wp\/v2\/posts\/99428\/revisions"}],"wp:featuredmedia":[{"embeddable":true,"href":"https:\/\/portalv1.com.br\/api\/wp\/v2\/media\/99427"}],"wp:attachment":[{"href":"https:\/\/portalv1.com.br\/api\/wp\/v2\/media?parent=99428"}],"wp:term":[{"taxonomy":"category","embeddable":true,"href":"https:\/\/portalv1.com.br\/api\/wp\/v2\/categories?post=99428"},{"taxonomy":"post_tag","embeddable":true,"href":"https:\/\/portalv1.com.br\/api\/wp\/v2\/tags?post=99428"}],"curies":[{"name":"wp","href":"https:\/\/api.w.org\/{rel}","templated":true}]}}