{"id":9955,"date":"2011-08-22T19:06:32","date_gmt":"2011-08-22T22:06:32","guid":{"rendered":"https:\/\/portalv1.com.br\/?p=9955"},"modified":"2011-08-23T17:00:41","modified_gmt":"2011-08-23T20:00:41","slug":"veja-a-programacao-da-semana-nacional-da-apae","status":"publish","type":"post","link":"https:\/\/portalv1.com.br\/veja-a-programacao-da-semana-nacional-da-apae\/","title":{"rendered":"Veja a programa\u00e7\u00e3o da Semana Nacional da APAE em Valen\u00e7a do Piaui"},"content":{"rendered":"<p><a href=\"https:\/\/portalv1.com.br\/app\/wp-content\/uploads\/2011\/08\/imagem1.jpg\"><img loading=\"lazy\" decoding=\"async\" class=\"alignright size-full wp-image-9956\" title=\"imagem\" src=\"https:\/\/portalv1.com.br\/app\/wp-content\/uploads\/2011\/08\/imagem1.jpg\" alt=\"\" width=\"300\" height=\"183\" \/><\/a>Est\u00e1 sendo realizado em Valen\u00e7a, assim como em todo o Brasil a Semana Nacional da Pessoa com Defici\u00eancia Intelectual e M\u00faltipla. A programa\u00e7\u00e3o come\u00e7ou neste domingo (21) com a realiza\u00e7\u00e3o de uma Missa em A\u00e7\u00e3o de Gra\u00e7as na Igreja de S\u00e3o Francisco e terminar\u00e1 no domingo dia 28 de agosto com uma comemora\u00e7\u00e3o ao Dia dos Pais.<\/p>\n<p>Nesta segunda-feira (22) houve uma manha musical com o cantor Reginaldo Ara\u00fajo, Teles e outros. E nesta ter\u00e7a-feira (23) ser\u00e1 realizada no Sesc\/Senac uma palestra com a terapeuta ocupacional Luciana Martins. Confira abaixo toda a programa\u00e7\u00e3o da Semana Nacional da Pessoa com Defici\u00eancia Intelectual e M\u00faltipla<\/p>\n<p>Semana Nacional da Pessoa com Defici\u00eancia intelectual e M\u00faltipla &#8211; de 21 a 28 de agosto de 2011\/APAE<\/p>\n<p>&nbsp;<\/p>\n<p>TEMA:\u00a0 \u201cA pessoa com Defici\u00eancia\u00a0 quebra a cultura de Ser Indiferente. Tenha Coragem de ser Diferente\u201d.<\/p>\n<p>&nbsp;<\/p>\n<p>PROGRAMA\u00c7\u00c3O:<\/p>\n<p>&nbsp;<\/p>\n<p>DIA &#8211; 21 \u2013 Domingo \u2013 Missa em a\u00e7\u00e3o de gra\u00e7as<\/p>\n<p>Local: Igreja de S\u00e3o Francisco<\/p>\n<p>Hor\u00e1rio: 17h.<\/p>\n<p>&nbsp;<\/p>\n<p>DIA \u2013 22 \u2013 2\u00aa\u00a0\u00a0 feira \u2013 Manh\u00e3 Musical<\/p>\n<p>Local: APAE<\/p>\n<p>Hor\u00e1rio: 8h.<\/p>\n<p>Anima\u00e7\u00e3o: Reginaldo Ara\u00fajo (S\u00f3 Alegria)<\/p>\n<p>&nbsp;<\/p>\n<p>DIA \u2013 23 \u2013\u00a0\u00a0 3\u00aa feira &#8211;\u00a0 Palestra com Terapeuta Ocupacional\u00a0 Dra. Luciana Martins<\/p>\n<p>Local: SESC\/SENAI<\/p>\n<p>Hor\u00e1rio:\u00a0 8h.<\/p>\n<p>Apresenta\u00e7\u00e3o das crian\u00e7as e jovens da APAE<\/p>\n<p>&nbsp;<\/p>\n<p>DIA \u2013 24 \u2013 4\u00aa feira &#8211;\u00a0 Lazer das crian\u00e7as<\/p>\n<p>Local: Propriedade Kabrita<\/p>\n<p>Hor\u00e1rio: 8h. \u00e0s 11:30<\/p>\n<p>Apoio:<\/p>\n<p>&nbsp;<\/p>\n<p>DIA \u2013 25 \u2013 5\u00aa feira \u2013 Lanche beneficente<\/p>\n<p>Local: Lanchonete Coelho<\/p>\n<p>Hor\u00e1rio: 18h.<\/p>\n<p>&nbsp;<\/p>\n<p>DIA \u2013 26 \u2013 6\u00aa feira \u2013 Caminhada nas ruas do Centro de Valen\u00e7a<\/p>\n<p>Hor\u00e1rio: 7:30<\/p>\n<p>Trajeto: Sa\u00edda em frente ao SESC\/SENAI at\u00e9 o Centro S\u00e3o Jos\u00e9<\/p>\n<p>&nbsp;<\/p>\n<p>DIA \u2013 27 S\u00e1bado \u2013 Jantar Beneficente<\/p>\n<p>Local: 19h.<\/p>\n<p>Hor\u00e1rio: Cantinho da Ro\u00e7a<\/p>\n<p>&nbsp;<\/p>\n<p>DIA \u2013 28 Domingo \u2013 Comemora\u00e7\u00e3o do dia dos Pais<\/p>\n<p>Local: PAE<\/p>\n<p>Hor\u00e1rio: 9h.<\/p>\n","protected":false},"excerpt":{"rendered":"<p>Est\u00e1 sendo realizado em Valen\u00e7a, assim como em todo o Brasil a Semana Nacional da Pessoa com Defici\u00eancia Intelectual e M\u00faltipla. A programa\u00e7\u00e3o come\u00e7ou neste domingo (21) com a realiza\u00e7\u00e3o&#8230;<\/p>\n","protected":false},"author":1,"featured_media":0,"comment_status":"open","ping_status":"open","sticky":false,"template":"","format":"standard","meta":{"ngg_post_thumbnail":0,"footnotes":""},"categories":[12],"tags":[],"class_list":["post-9955","post","type-post","status-publish","format-standard","hentry","category-valenca-news"],"views":487,"meta_data":{"thumb":"https:\/\/portalv1.com.br\/app\/wp-content\/uploads\/2011\/08\/imagem1.jpg","data":{"simple":"22\/08\/2011","date_time":"22\/08\/2011 16:06:32","date":"h\u00e1 15 anos"},"chapeu":"","source":""},"_links":{"self":[{"href":"https:\/\/portalv1.com.br\/api\/wp\/v2\/posts\/9955","targetHints":{"allow":["GET"]}}],"collection":[{"href":"https:\/\/portalv1.com.br\/api\/wp\/v2\/posts"}],"about":[{"href":"https:\/\/portalv1.com.br\/api\/wp\/v2\/types\/post"}],"author":[{"embeddable":true,"href":"https:\/\/portalv1.com.br\/api\/wp\/v2\/users\/1"}],"replies":[{"embeddable":true,"href":"https:\/\/portalv1.com.br\/api\/wp\/v2\/comments?post=9955"}],"version-history":[{"count":0,"href":"https:\/\/portalv1.com.br\/api\/wp\/v2\/posts\/9955\/revisions"}],"wp:attachment":[{"href":"https:\/\/portalv1.com.br\/api\/wp\/v2\/media?parent=9955"}],"wp:term":[{"taxonomy":"category","embeddable":true,"href":"https:\/\/portalv1.com.br\/api\/wp\/v2\/categories?post=9955"},{"taxonomy":"post_tag","embeddable":true,"href":"https:\/\/portalv1.com.br\/api\/wp\/v2\/tags?post=9955"}],"curies":[{"name":"wp","href":"https:\/\/api.w.org\/{rel}","templated":true}]}}