{"id":99681,"date":"2021-09-05T21:10:27","date_gmt":"2021-09-06T00:10:27","guid":{"rendered":"https:\/\/portalv1.com.br\/?p=99681"},"modified":"2021-09-05T21:10:27","modified_gmt":"2021-09-06T00:10:27","slug":"valenca-do-piaui-registra-incendios-em-tres-entradas-da-cidade","status":"publish","type":"post","link":"https:\/\/portalv1.com.br\/valenca-do-piaui-registra-incendios-em-tres-entradas-da-cidade\/","title":{"rendered":"Valen\u00e7a do Piaui registra inc\u00eandios em tr\u00eas entradas da cidade"},"content":{"rendered":"<p>Um grande inc\u00eandio toma conta das margens da BR 316, na cidade de Valen\u00e7a do Piau\u00ed. Nas redes sociais v\u00e1rios v\u00eddeos foram postados e as imagens mostram a grandiosidade do inc\u00eandio que vem assustando os valencianos.<\/p>\n<p>\u201cNossa cidade est\u00e1 praticamente coberta pelo fogo, vamos compartilhar este v\u00eddeo para chegar a autoridades que possam nos socorrer. Imagine que al\u00e9m do nosso sofrimento com a fuma\u00e7a e o calor tem os animais das matas que n\u00e3o tem como se proteger, fam\u00edlias j\u00e1 perderam suas propriedades\u201d, publicou a ex-vereadora \u00cdris Moreira que informou do acontecido para os deputados Iracema Portela e J\u00falio Arcoverde que prometeram mobilizar as autoridades. &nbsp;&nbsp;<\/p>\n<p>Em conversa com o Portal V1, na noite deste domingo (05), o secret\u00e1rio de meio ambiente, Adnan Lima, disse que a brigada municipal est\u00e1 no local e que os bombeiros e a Defesa Civil j\u00e1 foram comunicados sobre a queimada. Disse tamb\u00e9m que os inc\u00eandios do bairro Campestre e da Fazenda Velha continuam, mas est\u00e3o controlados. Imagens mostram que um grande cintur\u00e3o de fogo est\u00e1 no entorno de Valen\u00e7a.<\/p>\n<p><div class=\"content-iframe\" data-content-width=\"600\"><iframe loading=\"lazy\" style=\"border: none; overflow: hidden;\" src=\"https:\/\/www.facebook.com\/plugins\/video.php?height=476&amp;href=https%3A%2F%2Fwww.facebook.com%2FSergioAlvesValenca%2Fvideos%2F705186527068201%2F&amp;show_text=false&amp;width=357&amp;t=0\" width=\"357\" height=\"476\" frameborder=\"0\" scrolling=\"no\" allowfullscreen=\"allowfullscreen\"><\/iframe><\/div><\/p>\n<p><a href=\"https:\/\/portalv1.com.br\/app\/wp-content\/uploads\/2021\/09\/f2620b02-fbc9-423c-b38b-60d1f0d43dfb.jpg\"><img loading=\"lazy\" decoding=\"async\" class=\"aligncenter size-large wp-image-99683\" src=\"https:\/\/portalv1.com.br\/app\/wp-content\/uploads\/2021\/09\/f2620b02-fbc9-423c-b38b-60d1f0d43dfb-640x480.jpg\" alt=\"\" width=\"600\" height=\"450\" srcset=\"https:\/\/portalv1.com.br\/app\/wp-content\/uploads\/2021\/09\/f2620b02-fbc9-423c-b38b-60d1f0d43dfb-640x480.jpg 640w, https:\/\/portalv1.com.br\/app\/wp-content\/uploads\/2021\/09\/f2620b02-fbc9-423c-b38b-60d1f0d43dfb-300x225.jpg 300w, https:\/\/portalv1.com.br\/app\/wp-content\/uploads\/2021\/09\/f2620b02-fbc9-423c-b38b-60d1f0d43dfb-768x576.jpg 768w, https:\/\/portalv1.com.br\/app\/wp-content\/uploads\/2021\/09\/f2620b02-fbc9-423c-b38b-60d1f0d43dfb.jpg 1024w\" sizes=\"auto, (max-width: 600px) 100vw, 600px\" \/><\/a> <a href=\"https:\/\/portalv1.com.br\/app\/wp-content\/uploads\/2021\/09\/c7bb8b02-a33c-42b7-8ca8-3a72b97d846f.jpg\"><img loading=\"lazy\" decoding=\"async\" class=\"aligncenter size-large wp-image-99682\" src=\"https:\/\/portalv1.com.br\/app\/wp-content\/uploads\/2021\/09\/c7bb8b02-a33c-42b7-8ca8-3a72b97d846f-640x480.jpg\" alt=\"\" width=\"600\" height=\"450\" srcset=\"https:\/\/portalv1.com.br\/app\/wp-content\/uploads\/2021\/09\/c7bb8b02-a33c-42b7-8ca8-3a72b97d846f-640x480.jpg 640w, https:\/\/portalv1.com.br\/app\/wp-content\/uploads\/2021\/09\/c7bb8b02-a33c-42b7-8ca8-3a72b97d846f-300x225.jpg 300w, https:\/\/portalv1.com.br\/app\/wp-content\/uploads\/2021\/09\/c7bb8b02-a33c-42b7-8ca8-3a72b97d846f-768x576.jpg 768w, https:\/\/portalv1.com.br\/app\/wp-content\/uploads\/2021\/09\/c7bb8b02-a33c-42b7-8ca8-3a72b97d846f.jpg 1024w\" sizes=\"auto, (max-width: 600px) 100vw, 600px\" \/><\/a><\/p>\n","protected":false},"excerpt":{"rendered":"<p>Um grande inc\u00eandio toma conta das margens da BR 316, na cidade de Valen\u00e7a do Piau\u00ed. Nas redes sociais v\u00e1rios v\u00eddeos foram postados e as imagens mostram a grandiosidade do&#8230;<\/p>\n","protected":false},"author":1,"featured_media":99684,"comment_status":"open","ping_status":"open","sticky":false,"template":"","format":"standard","meta":{"ngg_post_thumbnail":0,"footnotes":""},"categories":[243],"tags":[],"class_list":["post-99681","post","type-post","status-publish","format-standard","has-post-thumbnail","hentry","category-geral"],"views":2297,"meta_data":{"thumb":"https:\/\/portalv1.com.br\/app\/wp-content\/uploads\/2021\/09\/incendio.jpg","imagem":{"fullsize":{"url":"https:\/\/portalv1.com.br\/app\/wp-content\/uploads\/2021\/09\/incendio.jpg","width":1280,"height":720},"medium":{"url":"https:\/\/portalv1.com.br\/app\/wp-content\/uploads\/2021\/09\/incendio-300x169.jpg","width":300,"height":169},"large":{"url":"https:\/\/portalv1.com.br\/app\/wp-content\/uploads\/2021\/09\/incendio-640x360.jpg","width":640,"height":360},"thumbnail":{"url":"https:\/\/portalv1.com.br\/app\/wp-content\/uploads\/2021\/09\/incendio-100x100.jpg","width":100,"height":100},"medium_large":{"url":"https:\/\/portalv1.com.br\/app\/wp-content\/uploads\/2021\/09\/incendio-768x432.jpg","width":768,"height":432}},"data":{"simple":"05\/09\/2021","date_time":"05\/09\/2021 18:10:27","date":"h\u00e1 5 anos"},"chapeu":"Saiba Detalhes ","source":"slide"},"_links":{"self":[{"href":"https:\/\/portalv1.com.br\/api\/wp\/v2\/posts\/99681","targetHints":{"allow":["GET"]}}],"collection":[{"href":"https:\/\/portalv1.com.br\/api\/wp\/v2\/posts"}],"about":[{"href":"https:\/\/portalv1.com.br\/api\/wp\/v2\/types\/post"}],"author":[{"embeddable":true,"href":"https:\/\/portalv1.com.br\/api\/wp\/v2\/users\/1"}],"replies":[{"embeddable":true,"href":"https:\/\/portalv1.com.br\/api\/wp\/v2\/comments?post=99681"}],"version-history":[{"count":0,"href":"https:\/\/portalv1.com.br\/api\/wp\/v2\/posts\/99681\/revisions"}],"wp:featuredmedia":[{"embeddable":true,"href":"https:\/\/portalv1.com.br\/api\/wp\/v2\/media\/99684"}],"wp:attachment":[{"href":"https:\/\/portalv1.com.br\/api\/wp\/v2\/media?parent=99681"}],"wp:term":[{"taxonomy":"category","embeddable":true,"href":"https:\/\/portalv1.com.br\/api\/wp\/v2\/categories?post=99681"},{"taxonomy":"post_tag","embeddable":true,"href":"https:\/\/portalv1.com.br\/api\/wp\/v2\/tags?post=99681"}],"curies":[{"name":"wp","href":"https:\/\/api.w.org\/{rel}","templated":true}]}}